{"id":149,"date":"2009-01-12T11:49:07","date_gmt":"2009-01-12T09:49:07","guid":{"rendered":"http:\/\/brassacademy.com\/?p=149"},"modified":"2009-01-12T11:49:07","modified_gmt":"2009-01-12T09:49:07","slug":"telecallosa-pasa-a-las-21-horas-un-material-del-curso-con-stefan-schulz","status":"publish","type":"post","link":"https:\/\/www.brassacademy.com\/en\/telecallosa-pasa-a-las-21-horas-un-material-del-curso-con-stefan-schulz\/","title":{"rendered":"Fant\u00e1stica masterclass con Stefan Schulz"},"content":{"rendered":"<p style=\"text-align: center;\"><img decoding=\"async\" class=\"size-medium wp-image-152  aligncenter\" title=\"con-un-alumno\" src=\"http:\/\/brassacademy.com\/wp-content\/uploads\/2009\/01\/con-un-alumno-300x225.jpg\" alt=\"\" width=\"300\" height=\"225\" \/><\/p>\n<p style=\"text-align: left;\">En las instalaciones de la Brass Academy Alicante, con sede en Callosa de Segura, se ha llevado a cabo con mucho \u00e9xito de concurrencia y trabajo un masterclass con el reconocido trombonista M\u00ba\u00a0 Stefan Schulz, miembro de la Filarm\u00f3nica de Berl\u00edn ,adem\u00e1s profesor en la Universidad de las artes de Berl\u00edn y Profesor Honoris Causa de la Universidad de Shangai.<\/p>\n<p><!--more--><\/p>\n<p>Los participantes fueron estudiantes y m\u00fasicos profesionales que representaban las diversas regiones de Espa\u00f1a: Extremadura, Pa\u00eds Vasco, Madrid, Catalu\u00f1a, Murcia, Valencia, Castell\u00f3n, Almer\u00eda, Andaluc\u00eda y por supuesto Alicante.<\/p>\n<p style=\"text-align: center;\"><img decoding=\"async\" class=\"size-medium wp-image-151  aligncenter\" title=\"foto-de-grupo-frente-a-la-iglesia\" src=\"http:\/\/brassacademy.com\/wp-content\/uploads\/2009\/01\/foto-de-grupo-frente-a-la-iglesia-300x225.jpg\" alt=\"\" width=\"300\" height=\"225\" \/><\/p>\n<p>Stefan Schulz durante los 3 intensos d\u00edas de trabajo explico detalladamente su sistema de estudio, su t\u00e9cnica de precalentamiento, respiraci\u00f3n y emisi\u00f3n.<\/p>\n<p>Tambi\u00e9n fue muy importante su ayuda en la interpretaci\u00f3n de repertorio orquestal y concert\u00edstico.<\/p>\n<p>Su amable car\u00e1cter dio al curso un fant\u00e1stico ambiente con un gran toque de calor humano, redondeando de esta manera positivamente el trabajo durante esos d\u00edas\u00a0 en la Casa de cultura y en la casa de la juventud de Callosa de Segura.<\/p>\n<p style=\"text-align: center;\"><a href=\"http:\/\/brassacademy.com\/?page_id=115\" target=\"_self\">Ver fotos del evento<\/a><\/p>\n<p>El pr\u00f3ximo Masterclass en programa de la Brass Academy Alicante ser\u00e1n los d\u00edas 6 , 7 y 8 de febrero en Callosa de Segura ( Casa de Cultura y Casa de Juventud) con el Maestro Eric Terwilliger , trompa solista de la Orquesta de la Radio de M\u00fanich y profesor del Conservatorio Richard Strauss de M\u00fanich.<\/p>\n<p>Es de destacar que durante esos d\u00edas tambi\u00e9n tendr\u00e1 lugar una exposici\u00f3n la Firma Alexander Mainz ( de Alemania) , una de las fabricas de instrumentos\u00a0 m\u00e1s antigua y famosa a nivel internacional que ense\u00f1ar\u00e1 sus distintos modelos de instrumentos y otros materiales .<\/p>\n<ul>\n<li>20 al 22 de febrero: masterclass con el M\u00ba Am\u00e9rico Bellotto, una leyenda del jazz!<\/li>\n<li>6 y 7 de marzo: masterclass con el M\u00ba Pablo Fern\u00e1ndez ( Tuba solista de la OBC Barcelona)<\/li>\n<li>17 al 19 de abril: masterclass con el M\u00ba Andreas Haderer ( Big Band de Colonia, Alemania )<\/li>\n<li>8 al 10 de mayo: masterclass con el M\u00ba Martin M\u00fchlfellner (trompeta solista de la Filarm\u00f3nica de Viena )<\/li>\n<\/ul>\n<p>Para mas informaci\u00f3n los invitamos a visitar la p\u00e1gina web de la Brass Academy en donde se anuncian con tiempo las dem\u00e1s actividades de cursos y conciertos del Ensamble de Brass de la citada Academia. <a href=\"http:\/\/brassacademy.com\" target=\"_blank\">www.brassacademy.com<\/a>\u00a0 o dirigirse\u00a0 por correo electr\u00f3nico a esta direcci\u00f3n: <a href=\"mailto:alicante@brassacademy.com\">alicante@brassacademy.com<\/a><\/p>\n<p>La Brass Academy comenz\u00f3 sus actividades en septiembre de 2008 y est\u00e1 patrocinada por el Ayuntamiento de Callosa de Segura como as\u00ed por la Diputaci\u00f3n de Alicante.<\/p>\n<p>Otros colaboradores son:<\/p>\n<p>Consolat de Mar, Musical Leal , JMRE Nuevas Tecnolog\u00edas , M\u00fasica Rivera, Hotel Villa Catral, Blechbl\u00e4sersortiment K\u00f6bl, Alphorn Center, prendas deportivas Romario, Antonio Salinas Navarro y Natalia Serrano Esta\u00f1.<\/p>\n<p>Invitamos a quien quiera a ser colaborador a trav\u00e9s de los \u201cAmigos de la Brass Academy Alicante\u201d\u00a0 dirigirse a este numero de Tel\u00e9fono: 658 57 51 36 o 625 403 122<\/p>\n","protected":false},"excerpt":{"rendered":"<p>En las instalaciones de la Brass Academy Alicante, con sede en Callosa de Segura, se ha llevado a cabo con mucho \u00e9xito de concurrencia y trabajo un masterclass con el reconocido trombonista M\u00ba\u00a0 Stefan Schulz, miembro de la Filarm\u00f3nica de Berl\u00edn ,adem\u00e1s profesor en la Universidad de las artes de Berl\u00edn y Profesor Honoris Causa [&hellip;]<\/p>\n","protected":false},"author":3,"featured_media":0,"comment_status":"open","ping_status":"closed","sticky":false,"template":"","format":"standard","meta":{"footnotes":""},"categories":[2],"tags":[],"class_list":["post-149","post","type-post","status-publish","format-standard","hentry","category-general"],"_links":{"self":[{"href":"https:\/\/www.brassacademy.com\/en\/wp-json\/wp\/v2\/posts\/149"}],"collection":[{"href":"https:\/\/www.brassacademy.com\/en\/wp-json\/wp\/v2\/posts"}],"about":[{"href":"https:\/\/www.brassacademy.com\/en\/wp-json\/wp\/v2\/types\/post"}],"author":[{"embeddable":true,"href":"https:\/\/www.brassacademy.com\/en\/wp-json\/wp\/v2\/users\/3"}],"replies":[{"embeddable":true,"href":"https:\/\/www.brassacademy.com\/en\/wp-json\/wp\/v2\/comments?post=149"}],"version-history":[{"count":0,"href":"https:\/\/www.brassacademy.com\/en\/wp-json\/wp\/v2\/posts\/149\/revisions"}],"wp:attachment":[{"href":"https:\/\/www.brassacademy.com\/en\/wp-json\/wp\/v2\/media?parent=149"}],"wp:term":[{"taxonomy":"category","embeddable":true,"href":"https:\/\/www.brassacademy.com\/en\/wp-json\/wp\/v2\/categories?post=149"},{"taxonomy":"post_tag","embeddable":true,"href":"https:\/\/www.brassacademy.com\/en\/wp-json\/wp\/v2\/tags?post=149"}],"curies":[{"name":"wp","href":"https:\/\/api.w.org\/{rel}","templated":true}]}}