{"id":1841,"date":"2013-01-15T18:57:06","date_gmt":"2013-01-15T16:57:06","guid":{"rendered":"http:\/\/brassacademy.com\/?p=1841"},"modified":"2013-01-15T18:57:06","modified_gmt":"2013-01-15T16:57:06","slug":"estudiante-de-trompeta-es-seleccionado-para-la-orquesta-joven-gustav-mahler","status":"publish","type":"post","link":"https:\/\/www.brassacademy.com\/en\/estudiante-de-trompeta-es-seleccionado-para-la-orquesta-joven-gustav-mahler\/","title":{"rendered":"Estudiante de trompeta es seleccionado para la Orquesta joven Gustav Mahler"},"content":{"rendered":"<p class=\"qtranxs-available-languages-message qtranxs-available-languages-message-en\">Sorry, this entry is only available in <a href=\"https:\/\/www.brassacademy.com\/es\/wp-json\/wp\/v2\/posts\/1841\" class=\"qtranxs-available-language-link qtranxs-available-language-link-es\" title=\"Espa\u00f1ol\">Espa\u00f1ol<\/a>. For the sake of viewer convenience, the content is shown below in the alternative language. You may click the link to switch the active language.<\/p><p><strong>Alfonso Ram\u00f3n Cant\u00f3<\/strong><em> , estudiante de trompeta de la Brass Academy Alicante ( c\u00e1tedra Rudi Korp) fue seleccionado<br \/>\npara la reconocida Orquesta Joven Gustav Mahler.<br \/>\nEnhorabuena Alfonso !<br \/>\nBrass Academy Alicante <\/p>\n<p><a href=\"http:\/\/brassacademy.com\/?attachment_id=1842\" rel=\"attachment wp-att-1842\"><img decoding=\"async\" src=\"http:\/\/brassacademy.com\/wp-content\/uploads\/2013\/01\/154785_436582986407115_2739469_n-150x150.jpg\" alt=\"\" title=\"154785_436582986407115_2739469_n\" width=\"150\" height=\"150\" class=\"alignleft size-thumbnail wp-image-1842\" \/><\/a><\/em><\/p>","protected":false},"excerpt":{"rendered":"<p>Sorry, this entry is only available in Espa\u00f1ol. For the sake of viewer convenience, the content is shown below in the alternative language. You may click the link to switch the active language.Alfonso Ram\u00f3n Cant\u00f3 , estudiante de trompeta de la Brass Academy Alicante ( c\u00e1tedra Rudi Korp) fue seleccionado para la reconocida Orquesta Joven [&hellip;]<\/p>\n","protected":false},"author":3,"featured_media":0,"comment_status":"open","ping_status":"closed","sticky":false,"template":"","format":"standard","meta":{"footnotes":""},"categories":[2],"tags":[],"class_list":["post-1841","post","type-post","status-publish","format-standard","hentry","category-general"],"_links":{"self":[{"href":"https:\/\/www.brassacademy.com\/en\/wp-json\/wp\/v2\/posts\/1841"}],"collection":[{"href":"https:\/\/www.brassacademy.com\/en\/wp-json\/wp\/v2\/posts"}],"about":[{"href":"https:\/\/www.brassacademy.com\/en\/wp-json\/wp\/v2\/types\/post"}],"author":[{"embeddable":true,"href":"https:\/\/www.brassacademy.com\/en\/wp-json\/wp\/v2\/users\/3"}],"replies":[{"embeddable":true,"href":"https:\/\/www.brassacademy.com\/en\/wp-json\/wp\/v2\/comments?post=1841"}],"version-history":[{"count":0,"href":"https:\/\/www.brassacademy.com\/en\/wp-json\/wp\/v2\/posts\/1841\/revisions"}],"wp:attachment":[{"href":"https:\/\/www.brassacademy.com\/en\/wp-json\/wp\/v2\/media?parent=1841"}],"wp:term":[{"taxonomy":"category","embeddable":true,"href":"https:\/\/www.brassacademy.com\/en\/wp-json\/wp\/v2\/categories?post=1841"},{"taxonomy":"post_tag","embeddable":true,"href":"https:\/\/www.brassacademy.com\/en\/wp-json\/wp\/v2\/tags?post=1841"}],"curies":[{"name":"wp","href":"https:\/\/api.w.org\/{rel}","templated":true}]}}