{"id":1935,"date":"2013-02-26T13:24:29","date_gmt":"2013-02-26T11:24:29","guid":{"rendered":"http:\/\/brassacademy.com\/?p=1935"},"modified":"2013-02-26T13:24:29","modified_gmt":"2013-02-26T11:24:29","slug":"fantastico-concierto-con-uwe-koller-como-director-y-solista-del-academy-symphonic-brass","status":"publish","type":"post","link":"https:\/\/www.brassacademy.com\/en\/fantastico-concierto-con-uwe-koller-como-director-y-solista-del-academy-symphonic-brass\/","title":{"rendered":"Fantastico concierto con Uwe K\u00f6ller como director y solista del Academy Symphonic Brass"},"content":{"rendered":"<p class=\"qtranxs-available-languages-message qtranxs-available-languages-message-en\">Sorry, this entry is only available in <a href=\"https:\/\/www.brassacademy.com\/es\/wp-json\/wp\/v2\/posts\/1935\" class=\"qtranxs-available-language-link qtranxs-available-language-link-es\" title=\"Espa\u00f1ol\">Espa\u00f1ol<\/a>. For the sake of viewer convenience, the content is shown below in the alternative language. You may click the link to switch the active language.<\/p><p><img decoding=\"async\" class=\"alignleft size-thumbnail wp-image-1936\" alt=\"Uwe Konzert \" src=\"http:\/\/brassacademy.com\/wp-content\/uploads\/2013\/02\/406298_10200803489552844_662532384_n-150x150.jpg\" width=\"150\" height=\"150\" \/><\/p>\n<p>El 24 de febrero \u00faltimo se llev\u00f3 a cabo en el <strong>Auditorio de Cox<\/strong> ( sede actual de la Brass Academy Alicante)<\/p>\n<p>un fant\u00e1stico concierto \u00a0( final del masterclass\u00a0impartido por Uwe K\u00f6ller sobre Brass Band).<\/p>\n<p>El concierto se realiz\u00f3 en el marco del &#8221; Febrero Musical de Cox 2013&#8243;.<\/p>\n<p>Se interpretaron obras muy representativas para &#8220;Brass Band&#8221; , formaci\u00f3n con mucha tradici\u00f3n en Inglaterra , pero poco conocida hasta ahora en Espa\u00f1a.<\/p>\n<p><a href=\"http:\/\/brassacademy.com\/wp-content\/uploads\/2013\/02\/Uwe-K\u00f6ller-febrero-2013-Cox.jpg\"><img decoding=\"async\" class=\"alignleft size-thumbnail wp-image-1937\" alt=\"Uwe K\u00f6ller febrero 2013 Cox\" src=\"http:\/\/brassacademy.com\/wp-content\/uploads\/2013\/02\/Uwe-K\u00f6ller-febrero-2013-Cox-150x150.jpg\" width=\"150\" height=\"150\" \/><\/a><\/p>","protected":false},"excerpt":{"rendered":"<p>Sorry, this entry is only available in Espa\u00f1ol. For the sake of viewer convenience, the content is shown below in the alternative language. You may click the link to switch the active language. El 24 de febrero \u00faltimo se llev\u00f3 a cabo en el Auditorio de Cox ( sede actual de la Brass Academy Alicante) [&hellip;]<\/p>\n","protected":false},"author":3,"featured_media":0,"comment_status":"open","ping_status":"closed","sticky":false,"template":"","format":"standard","meta":{"footnotes":""},"categories":[2],"tags":[],"class_list":["post-1935","post","type-post","status-publish","format-standard","hentry","category-general"],"_links":{"self":[{"href":"https:\/\/www.brassacademy.com\/en\/wp-json\/wp\/v2\/posts\/1935"}],"collection":[{"href":"https:\/\/www.brassacademy.com\/en\/wp-json\/wp\/v2\/posts"}],"about":[{"href":"https:\/\/www.brassacademy.com\/en\/wp-json\/wp\/v2\/types\/post"}],"author":[{"embeddable":true,"href":"https:\/\/www.brassacademy.com\/en\/wp-json\/wp\/v2\/users\/3"}],"replies":[{"embeddable":true,"href":"https:\/\/www.brassacademy.com\/en\/wp-json\/wp\/v2\/comments?post=1935"}],"version-history":[{"count":0,"href":"https:\/\/www.brassacademy.com\/en\/wp-json\/wp\/v2\/posts\/1935\/revisions"}],"wp:attachment":[{"href":"https:\/\/www.brassacademy.com\/en\/wp-json\/wp\/v2\/media?parent=1935"}],"wp:term":[{"taxonomy":"category","embeddable":true,"href":"https:\/\/www.brassacademy.com\/en\/wp-json\/wp\/v2\/categories?post=1935"},{"taxonomy":"post_tag","embeddable":true,"href":"https:\/\/www.brassacademy.com\/en\/wp-json\/wp\/v2\/tags?post=1935"}],"curies":[{"name":"wp","href":"https:\/\/api.w.org\/{rel}","templated":true}]}}