{"id":1946,"date":"2013-03-05T18:25:08","date_gmt":"2013-03-05T16:25:08","guid":{"rendered":"http:\/\/brassacademy.com\/?p=1946"},"modified":"2013-03-05T18:25:08","modified_gmt":"2013-03-05T16:25:08","slug":"nuevo-amigo-mecenas-de-la-brass-academy-alicante","status":"publish","type":"post","link":"https:\/\/www.brassacademy.com\/en\/nuevo-amigo-mecenas-de-la-brass-academy-alicante\/","title":{"rendered":"Fundaci\u00f3n Alb\u00e9niz , nuevo &#8220;Amigo mecenas&#8221; de la Brass Academy Alicante"},"content":{"rendered":"<p class=\"qtranxs-available-languages-message qtranxs-available-languages-message-en\">Sorry, this entry is only available in <a href=\"https:\/\/www.brassacademy.com\/es\/wp-json\/wp\/v2\/posts\/1946\" class=\"qtranxs-available-language-link qtranxs-available-language-link-es\" title=\"Espa\u00f1ol\">Espa\u00f1ol<\/a>. For the sake of viewer convenience, the content is shown below in the alternative language. You may click the link to switch the active language.<\/p><p><em>Damos la bienvenida a la <strong>Fundaci\u00f3n Alb\u00e9niz<\/strong> como nuevo &#8220;<strong> Amigo mecenas&#8221;<\/strong> de nuestra Academia \u00a0<\/em><em>Internacional.<\/em><\/p>\n<p><em>En la actualidad la Fundaci\u00f3n cuenta con dos sedes, una en Madrid y otra en Santander.<\/em><\/p>\n<p><em>Cabe recordar que la Escuela Superior Reina Sof\u00eda mantiene con la Brass Academy Alicante un convenio de colaboraci\u00f3n art\u00edstica desde el a\u00f1o 2009.<\/em><\/p>\n<p><a href=\"http:\/\/brassacademy.com\/wp-content\/uploads\/2013\/03\/logo_FA_web.gif\"><img decoding=\"async\" class=\"alignleft  wp-image-1947\" alt=\"logo_FA_web\" src=\"http:\/\/brassacademy.com\/wp-content\/uploads\/2013\/03\/logo_FA_web-150x104.gif\" width=\"90\" height=\"62\" \/><\/a><em><\/em><\/p>","protected":false},"excerpt":{"rendered":"<p>Sorry, this entry is only available in Espa\u00f1ol. For the sake of viewer convenience, the content is shown below in the alternative language. You may click the link to switch the active language.Damos la bienvenida a la Fundaci\u00f3n Alb\u00e9niz como nuevo &#8220; Amigo mecenas&#8221; de nuestra Academia \u00a0Internacional. En la actualidad la Fundaci\u00f3n cuenta con [&hellip;]<\/p>\n","protected":false},"author":3,"featured_media":0,"comment_status":"open","ping_status":"closed","sticky":false,"template":"","format":"standard","meta":{"footnotes":""},"categories":[2],"tags":[],"class_list":["post-1946","post","type-post","status-publish","format-standard","hentry","category-general"],"_links":{"self":[{"href":"https:\/\/www.brassacademy.com\/en\/wp-json\/wp\/v2\/posts\/1946"}],"collection":[{"href":"https:\/\/www.brassacademy.com\/en\/wp-json\/wp\/v2\/posts"}],"about":[{"href":"https:\/\/www.brassacademy.com\/en\/wp-json\/wp\/v2\/types\/post"}],"author":[{"embeddable":true,"href":"https:\/\/www.brassacademy.com\/en\/wp-json\/wp\/v2\/users\/3"}],"replies":[{"embeddable":true,"href":"https:\/\/www.brassacademy.com\/en\/wp-json\/wp\/v2\/comments?post=1946"}],"version-history":[{"count":0,"href":"https:\/\/www.brassacademy.com\/en\/wp-json\/wp\/v2\/posts\/1946\/revisions"}],"wp:attachment":[{"href":"https:\/\/www.brassacademy.com\/en\/wp-json\/wp\/v2\/media?parent=1946"}],"wp:term":[{"taxonomy":"category","embeddable":true,"href":"https:\/\/www.brassacademy.com\/en\/wp-json\/wp\/v2\/categories?post=1946"},{"taxonomy":"post_tag","embeddable":true,"href":"https:\/\/www.brassacademy.com\/en\/wp-json\/wp\/v2\/tags?post=1946"}],"curies":[{"name":"wp","href":"https:\/\/api.w.org\/{rel}","templated":true}]}}