{"id":262,"date":"2009-05-18T17:00:07","date_gmt":"2009-05-18T15:00:07","guid":{"rendered":"http:\/\/brassacademy.com\/?p=262"},"modified":"2009-05-18T17:00:07","modified_gmt":"2009-05-18T15:00:07","slug":"conciertos-de-nury-guarnaschelli","status":"publish","type":"post","link":"https:\/\/www.brassacademy.com\/en\/conciertos-de-nury-guarnaschelli\/","title":{"rendered":"Conciertos de Nury Guarnaschelli"},"content":{"rendered":"<p style=\"text-align: center;\"><img decoding=\"async\" class=\"size-full wp-image-263  aligncenter\" title=\"nury-concierto\" src=\"http:\/\/brassacademy.com\/wp-content\/uploads\/2009\/05\/nury-concierto-a-la-carta.jpg\" alt=\"\" width=\"332\" height=\"358\" \/><\/p>\n<p>Nury Guarnaschelli, profesora de trompa en la Brass Academy Alicante, tocar\u00e1 en junio 3 conciertos como solista junto a la Orquesta de la Radio de Saarbr\u00fccken ( Deutsche Radio Philharmonie), Alemania.<\/p>\n<p>El director ser\u00e1 Michael Sanderling.<\/p>\n<p><a href=\"http:\/\/www.drp-orchester.de\/pages\/konzertecds\/kaiserslautern\/C0-la-carte\/5.-C0-la-carte.php\" target=\"_blank\">M\u00e1s informaci\u00f3n &gt;&gt;&gt;<\/a><\/p>\n<p>\u00a05. KONZERT \u201e\u00c0 LA CARTE\u201c<\/p>\n<p>Deutsche Radio Philharmonie<\/p>\n<p>Donnerstag, 4. Juni 2009 | 13.00 Uhr | Fruchthalle<br \/>\nMontag , 8. Juni 2009 | 20.00 Uhr | Funkhaus Halberg Gro\u00dfer Sendesaal<br \/>\nFreitag, 12. Juni 2009 | 20.00 Uhr | Schlosskirche Weilburg ( WEILBURGER SCHLOSSKONZERTE )<\/p>\n<p>Nury Guarnaschelli, Alphorn<br \/>\nDirigent: Michael Sanderling<\/p>\n<p>Moderation: Sabine Fallenstein<\/p>\n<p>Kurt Schwertsik<\/p>\n<p>\u201ein keltischer Manier\u201c (1975)<br \/>\nKonzert f\u00fcr Alphorn in Ges und kleines Orchester op. 27<\/p>\n<p>Wolfgang Amadeus Mozart<br \/>\nSinfonie Nr. 40 g-moll KV 550<\/p>\n<p>Die Fruchthallen-Gastronomie bietet vor dem Konzert um 12.00 Uhr im oberen Foyer eine Auswahl an leichten Mittagsgerichten \u2013 Tischwein und Mineralwasser inklusive. Reservieren Sie entweder direkt beim Kauf der Konzertkarte oder unter der Tel. Nr. 0631 \/ 320 36 94.<\/p>\n<p>Live im SWR2 Mittagskonzert und in der SR2 MittagsMusik<\/p>\n<p>Tickets | Tourist-Information Kaiserslautern | Tel. 0631 \/ 365 23 17<\/p>\n","protected":false},"excerpt":{"rendered":"<p>Nury Guarnaschelli, profesora de trompa en la Brass Academy Alicante, tocar\u00e1 en junio 3 conciertos como solista junto a la Orquesta de la Radio de Saarbr\u00fccken ( Deutsche Radio Philharmonie), Alemania. El director ser\u00e1 Michael Sanderling. M\u00e1s informaci\u00f3n &gt;&gt;&gt; \u00a05. KONZERT \u201e\u00c0 LA CARTE\u201c Deutsche Radio Philharmonie Donnerstag, 4. Juni 2009 | 13.00 Uhr | [&hellip;]<\/p>\n","protected":false},"author":3,"featured_media":0,"comment_status":"open","ping_status":"closed","sticky":false,"template":"","format":"standard","meta":{"footnotes":""},"categories":[2],"tags":[],"class_list":["post-262","post","type-post","status-publish","format-standard","hentry","category-general"],"_links":{"self":[{"href":"https:\/\/www.brassacademy.com\/en\/wp-json\/wp\/v2\/posts\/262"}],"collection":[{"href":"https:\/\/www.brassacademy.com\/en\/wp-json\/wp\/v2\/posts"}],"about":[{"href":"https:\/\/www.brassacademy.com\/en\/wp-json\/wp\/v2\/types\/post"}],"author":[{"embeddable":true,"href":"https:\/\/www.brassacademy.com\/en\/wp-json\/wp\/v2\/users\/3"}],"replies":[{"embeddable":true,"href":"https:\/\/www.brassacademy.com\/en\/wp-json\/wp\/v2\/comments?post=262"}],"version-history":[{"count":0,"href":"https:\/\/www.brassacademy.com\/en\/wp-json\/wp\/v2\/posts\/262\/revisions"}],"wp:attachment":[{"href":"https:\/\/www.brassacademy.com\/en\/wp-json\/wp\/v2\/media?parent=262"}],"wp:term":[{"taxonomy":"category","embeddable":true,"href":"https:\/\/www.brassacademy.com\/en\/wp-json\/wp\/v2\/categories?post=262"},{"taxonomy":"post_tag","embeddable":true,"href":"https:\/\/www.brassacademy.com\/en\/wp-json\/wp\/v2\/tags?post=262"}],"curies":[{"name":"wp","href":"https:\/\/api.w.org\/{rel}","templated":true}]}}