{"id":2655,"date":"2014-03-03T15:32:47","date_gmt":"2014-03-03T14:32:47","guid":{"rendered":"http:\/\/brassacademy.com\/?p=2655"},"modified":"2014-03-03T15:32:47","modified_gmt":"2014-03-03T14:32:47","slug":"alfonso-canto-estudiante-de-trompeta-ganador-del-concurso-villa-de-cox","status":"publish","type":"post","link":"https:\/\/www.brassacademy.com\/en\/alfonso-canto-estudiante-de-trompeta-ganador-del-concurso-villa-de-cox\/","title":{"rendered":"Alfonso Cant\u00f3 , estudiante de trompeta ganador del concurso &#8221; Villa de Cox&#8221;"},"content":{"rendered":"<p class=\"qtranxs-available-languages-message qtranxs-available-languages-message-en\">Sorry, this entry is only available in <a href=\"https:\/\/www.brassacademy.com\/es\/wp-json\/wp\/v2\/posts\/2655\" class=\"qtranxs-available-language-link qtranxs-available-language-link-es\" title=\"Espa\u00f1ol\">Espa\u00f1ol<\/a>. For the sake of viewer convenience, the content is shown below in the alternative language. You may click the link to switch the active language.<\/p><p><em><strong>Alfonso Cant\u00f3 Ram\u00f3n<\/strong> , estudiante de trompeta en la Brass Academy Alicante , de la c\u00e1tedra de Rudi Korp , gan\u00f3 ayer el Concurso &#8220;Villa de Cox &#8221; 2014 , en la modalidad solista.<br \/>\n<\/em><em>Enhorauena Alfonso !<\/em><\/p>\n<p><a href=\"http:\/\/brassacademy.com\/wp-content\/uploads\/2014\/02\/255415_4681301641031_294822623_n.jpg\"><img decoding=\"async\" class=\"alignleft size-thumbnail wp-image-2581\" alt=\"255415_4681301641031_294822623_n\" src=\"http:\/\/brassacademy.com\/wp-content\/uploads\/2014\/02\/255415_4681301641031_294822623_n-150x150.jpg\" width=\"150\" height=\"150\" \/><\/a><\/p>","protected":false},"excerpt":{"rendered":"<p>Sorry, this entry is only available in Espa\u00f1ol. For the sake of viewer convenience, the content is shown below in the alternative language. You may click the link to switch the active language.Alfonso Cant\u00f3 Ram\u00f3n , estudiante de trompeta en la Brass Academy Alicante , de la c\u00e1tedra de Rudi Korp , gan\u00f3 ayer el [&hellip;]<\/p>\n","protected":false},"author":3,"featured_media":0,"comment_status":"open","ping_status":"closed","sticky":false,"template":"","format":"standard","meta":{"footnotes":""},"categories":[2],"tags":[],"class_list":["post-2655","post","type-post","status-publish","format-standard","hentry","category-general"],"_links":{"self":[{"href":"https:\/\/www.brassacademy.com\/en\/wp-json\/wp\/v2\/posts\/2655"}],"collection":[{"href":"https:\/\/www.brassacademy.com\/en\/wp-json\/wp\/v2\/posts"}],"about":[{"href":"https:\/\/www.brassacademy.com\/en\/wp-json\/wp\/v2\/types\/post"}],"author":[{"embeddable":true,"href":"https:\/\/www.brassacademy.com\/en\/wp-json\/wp\/v2\/users\/3"}],"replies":[{"embeddable":true,"href":"https:\/\/www.brassacademy.com\/en\/wp-json\/wp\/v2\/comments?post=2655"}],"version-history":[{"count":0,"href":"https:\/\/www.brassacademy.com\/en\/wp-json\/wp\/v2\/posts\/2655\/revisions"}],"wp:attachment":[{"href":"https:\/\/www.brassacademy.com\/en\/wp-json\/wp\/v2\/media?parent=2655"}],"wp:term":[{"taxonomy":"category","embeddable":true,"href":"https:\/\/www.brassacademy.com\/en\/wp-json\/wp\/v2\/categories?post=2655"},{"taxonomy":"post_tag","embeddable":true,"href":"https:\/\/www.brassacademy.com\/en\/wp-json\/wp\/v2\/tags?post=2655"}],"curies":[{"name":"wp","href":"https:\/\/api.w.org\/{rel}","templated":true}]}}