{"id":2687,"date":"2014-04-01T23:18:19","date_gmt":"2014-04-01T21:18:19","guid":{"rendered":"http:\/\/brassacademy.com\/?p=2687"},"modified":"2014-04-01T23:18:19","modified_gmt":"2014-04-01T21:18:19","slug":"jose-manuel-franco-gomez-estudiante-de-trombon-gana-plaza-en-la-orquesta-joven-de-extremadura","status":"publish","type":"post","link":"https:\/\/www.brassacademy.com\/en\/jose-manuel-franco-gomez-estudiante-de-trombon-gana-plaza-en-la-orquesta-joven-de-extremadura\/","title":{"rendered":"Jos\u00e9 Manuel Franco G\u00f3mez , estudiante de tromb\u00f3n gana plaza en la Orquesta joven de Extremadura"},"content":{"rendered":"<p class=\"qtranxs-available-languages-message qtranxs-available-languages-message-en\">Sorry, this entry is only available in <a href=\"https:\/\/www.brassacademy.com\/es\/wp-json\/wp\/v2\/posts\/2687\" class=\"qtranxs-available-language-link qtranxs-available-language-link-es\" title=\"Espa\u00f1ol\">Espa\u00f1ol<\/a>. For the sake of viewer convenience, the content is shown below in the alternative language. You may click the link to switch the active language.<\/p><p><em><strong>Jos\u00e9 Manuel Franco G\u00f3mez<\/strong> , estudiante de trombon de la Brass Academy Alicante ( c\u00e1tedra Juan Real y Ian Bousfield ) ha ganado la plaza de titular en la Orquesta joven de Extremadura.<\/em><br \/>\n<em>Enhorabuena !<br \/>\n<a href=\"http:\/\/brassacademy.com\/wp-content\/uploads\/2014\/04\/735219_10200354788332608_1574286213_n.jpg\"><img decoding=\"async\" class=\"alignleft size-thumbnail wp-image-2688\" alt=\"735219_10200354788332608_1574286213_n\" src=\"http:\/\/brassacademy.com\/wp-content\/uploads\/2014\/04\/735219_10200354788332608_1574286213_n-150x150.jpg\" width=\"150\" height=\"150\" \/><\/a><br \/>\n<\/em><\/p>","protected":false},"excerpt":{"rendered":"<p>Sorry, this entry is only available in Espa\u00f1ol. For the sake of viewer convenience, the content is shown below in the alternative language. You may click the link to switch the active language.Jos\u00e9 Manuel Franco G\u00f3mez , estudiante de trombon de la Brass Academy Alicante ( c\u00e1tedra Juan Real y Ian Bousfield ) ha ganado [&hellip;]<\/p>\n","protected":false},"author":3,"featured_media":0,"comment_status":"open","ping_status":"closed","sticky":false,"template":"","format":"standard","meta":{"footnotes":""},"categories":[2],"tags":[],"class_list":["post-2687","post","type-post","status-publish","format-standard","hentry","category-general"],"_links":{"self":[{"href":"https:\/\/www.brassacademy.com\/en\/wp-json\/wp\/v2\/posts\/2687"}],"collection":[{"href":"https:\/\/www.brassacademy.com\/en\/wp-json\/wp\/v2\/posts"}],"about":[{"href":"https:\/\/www.brassacademy.com\/en\/wp-json\/wp\/v2\/types\/post"}],"author":[{"embeddable":true,"href":"https:\/\/www.brassacademy.com\/en\/wp-json\/wp\/v2\/users\/3"}],"replies":[{"embeddable":true,"href":"https:\/\/www.brassacademy.com\/en\/wp-json\/wp\/v2\/comments?post=2687"}],"version-history":[{"count":0,"href":"https:\/\/www.brassacademy.com\/en\/wp-json\/wp\/v2\/posts\/2687\/revisions"}],"wp:attachment":[{"href":"https:\/\/www.brassacademy.com\/en\/wp-json\/wp\/v2\/media?parent=2687"}],"wp:term":[{"taxonomy":"category","embeddable":true,"href":"https:\/\/www.brassacademy.com\/en\/wp-json\/wp\/v2\/categories?post=2687"},{"taxonomy":"post_tag","embeddable":true,"href":"https:\/\/www.brassacademy.com\/en\/wp-json\/wp\/v2\/tags?post=2687"}],"curies":[{"name":"wp","href":"https:\/\/api.w.org\/{rel}","templated":true}]}}