{"id":2886,"date":"2014-07-10T21:36:02","date_gmt":"2014-07-10T19:36:02","guid":{"rendered":"http:\/\/brassacademy.com\/?p=2886"},"modified":"2014-07-10T21:36:02","modified_gmt":"2014-07-10T19:36:02","slug":"festival-y-curso-de-verano-2014-de-la-brass-academy-alicante","status":"publish","type":"post","link":"https:\/\/www.brassacademy.com\/en\/festival-y-curso-de-verano-2014-de-la-brass-academy-alicante\/","title":{"rendered":"Festival y curso de verano 2014 de la Brass Academy Alicante"},"content":{"rendered":"<p class=\"qtranxs-available-languages-message qtranxs-available-languages-message-en\">Sorry, this entry is only available in <a href=\"https:\/\/www.brassacademy.com\/es\/wp-json\/wp\/v2\/posts\/2886\" class=\"qtranxs-available-language-link qtranxs-available-language-link-es\" title=\"Espa\u00f1ol\">Espa\u00f1ol<\/a>. For the sake of viewer convenience, the content is shown below in the alternative language. You may click the link to switch the active language.<\/p><p><em><a href=\"http:\/\/brassacademy.com\/wp-content\/uploads\/2014\/07\/ayto_alicante2_gr.jpg\"><img decoding=\"async\" class=\"alignleft size-thumbnail wp-image-2888\" alt=\"ayto_alicante2_gr\" src=\"http:\/\/brassacademy.com\/wp-content\/uploads\/2014\/07\/ayto_alicante2_gr-150x150.jpg\" width=\"150\" height=\"150\" \/><\/a>El pr\u00f3ximo <strong>26 de julio<\/strong> dar\u00e1 comienzo a las 16 horas el<br \/>\n<strong>III International Summer Brass Academy Alicante 2014<\/strong> organizado por la<br \/>\nBrass Academy Alicante, con la generosa colaboraci\u00f3n del Ayuntamiento de Alicante.<\/em><br \/>\n<em><br \/>\nEl <strong>concierto Inaugural<\/strong> tendr\u00e1 lugar ese mismo <strong>26 de julio a las 21<\/strong> horas en la emblem\u00e1tica Plaza del Ayuntamiento de Alicante, con la actuaci\u00f3n del<br \/>\n<\/em><em><a href=\"http:\/\/ensemblebrasacademy.wordpress.com\"><strong>Ensemble Brass Academy<\/strong><\/a> Alicante bajo la direcci\u00f3n de su director titular <strong><a href=\"http:\/\/ensemblebrasacademy.wordpress.com\/director\/\">Rudi Korp<\/a>.<\/strong><\/em><\/p>\n<p><em id=\"__mceDel\"> <\/em><em>Los dem\u00e1s conciertos ser\u00e1n los d\u00edas <strong>27 ,28 y 30 de julio<\/strong> , todos en la misma Plaza del Ayuntamiento con las actuaciones de <strong>MOGGIO , TROMPAS LUSAS y MALAGA QUINTET.\u00a0<\/strong><br \/>\n<a href=\"http:\/\/brassacademy.com\/wp-content\/uploads\/2014\/07\/94577-aereadiadef-big.jpg\"><img decoding=\"async\" class=\"alignleft size-thumbnail wp-image-2887\" alt=\"94577-aereadiadef-big\" src=\"http:\/\/brassacademy.com\/wp-content\/uploads\/2014\/07\/94577-aereadiadef-big-150x150.jpg\" width=\"150\" height=\"150\" \/><\/a><br \/>\n<\/em><em>El s\u00e1bado <strong>2 de agosto a las 12:45 horas<\/strong> tendr\u00e1 lugar el<br \/>\n<strong>Concierto de clausura<\/strong> con estudiantes y profesores<br \/>\nen la <strong>Concatedral de San Nicol\u00e1s<\/strong><\/em><\/p>","protected":false},"excerpt":{"rendered":"<p>Sorry, this entry is only available in Espa\u00f1ol. For the sake of viewer convenience, the content is shown below in the alternative language. You may click the link to switch the active language.El pr\u00f3ximo 26 de julio dar\u00e1 comienzo a las 16 horas el III International Summer Brass Academy Alicante 2014 organizado por la Brass [&hellip;]<\/p>\n","protected":false},"author":3,"featured_media":0,"comment_status":"open","ping_status":"closed","sticky":false,"template":"","format":"standard","meta":{"footnotes":""},"categories":[2],"tags":[],"class_list":["post-2886","post","type-post","status-publish","format-standard","hentry","category-general"],"_links":{"self":[{"href":"https:\/\/www.brassacademy.com\/en\/wp-json\/wp\/v2\/posts\/2886"}],"collection":[{"href":"https:\/\/www.brassacademy.com\/en\/wp-json\/wp\/v2\/posts"}],"about":[{"href":"https:\/\/www.brassacademy.com\/en\/wp-json\/wp\/v2\/types\/post"}],"author":[{"embeddable":true,"href":"https:\/\/www.brassacademy.com\/en\/wp-json\/wp\/v2\/users\/3"}],"replies":[{"embeddable":true,"href":"https:\/\/www.brassacademy.com\/en\/wp-json\/wp\/v2\/comments?post=2886"}],"version-history":[{"count":0,"href":"https:\/\/www.brassacademy.com\/en\/wp-json\/wp\/v2\/posts\/2886\/revisions"}],"wp:attachment":[{"href":"https:\/\/www.brassacademy.com\/en\/wp-json\/wp\/v2\/media?parent=2886"}],"wp:term":[{"taxonomy":"category","embeddable":true,"href":"https:\/\/www.brassacademy.com\/en\/wp-json\/wp\/v2\/categories?post=2886"},{"taxonomy":"post_tag","embeddable":true,"href":"https:\/\/www.brassacademy.com\/en\/wp-json\/wp\/v2\/tags?post=2886"}],"curies":[{"name":"wp","href":"https:\/\/api.w.org\/{rel}","templated":true}]}}