{"id":2903,"date":"2014-08-06T13:59:32","date_gmt":"2014-08-06T11:59:32","guid":{"rendered":"http:\/\/brassacademy.com\/?p=2903"},"modified":"2014-08-06T13:59:32","modified_gmt":"2014-08-06T11:59:32","slug":"exitoso-summer-brass-academy-alicante-2014","status":"publish","type":"post","link":"https:\/\/www.brassacademy.com\/en\/exitoso-summer-brass-academy-alicante-2014\/","title":{"rendered":"Exitoso SUMMER BRASS ACADEMY ALICANTE 2014 !"},"content":{"rendered":"<p class=\"qtranxs-available-languages-message qtranxs-available-languages-message-en\">Sorry, this entry is only available in <a href=\"https:\/\/www.brassacademy.com\/es\/wp-json\/wp\/v2\/posts\/2903\" class=\"qtranxs-available-language-link qtranxs-available-language-link-es\" title=\"Espa\u00f1ol\">Espa\u00f1ol<\/a>. For the sake of viewer convenience, the content is shown below in the alternative language. You may click the link to switch the active language.<\/p><p><em>El s\u00e1bado 2 de agosto con el concierto de clausura en la Concatedral de Alicante , culmin\u00f3 exitosamente el<\/em>\u00a0\u00a0<em><a href=\"www.alicantebrasscamp.com\"><strong>III SUMMER BRASS ACADEMY ALICANTE 2014<\/strong><\/a> y el paralelo <\/em><br \/>\n<em>III SUMMER BRASS FESTIVAL ALICANTE 2014 .<br \/>\nEl entusiasto alumnado fu\u00e9 procedente de Espa\u00f1a , China , Austria , Chile , Uruguay , Mexico y Argentina.<br \/>\nDurante el curso los alumnos pudieron disfrutar de clases individuales , m\u00fasica de c\u00e1mara, escuchar conciertos y disfrutar de un fant\u00e1stico ambiente de camarader\u00eda.<br \/>\nEn los 5 conciertos del Festival contamos con un entusiasta publico de en total 2.000 personas en la Plaza del Ayuntamiento y la Concatedral de Alicante.<br \/>\n<a href=\"http:\/\/brassacademy.com\/wp-content\/uploads\/2014\/08\/DSC_0248.jpg\"><img decoding=\"async\" class=\"alignleft size-thumbnail wp-image-2906\" alt=\"DSC_0248\" src=\"http:\/\/brassacademy.com\/wp-content\/uploads\/2014\/08\/DSC_0248-150x150.jpg\" width=\"150\" height=\"150\" \/><\/a>\u00a0<\/em><\/p>\n<p><a href=\"http:\/\/brassacademy.com\/wp-content\/uploads\/2014\/07\/CARTEL-BRASSFEST-14.jpg\"><img decoding=\"async\" class=\"alignleft size-thumbnail wp-image-2900\" alt=\"CARTEL BRASSFEST 14\" src=\"http:\/\/brassacademy.com\/wp-content\/uploads\/2014\/07\/CARTEL-BRASSFEST-14-150x150.jpg\" width=\"150\" height=\"150\" \/><\/a><\/p>","protected":false},"excerpt":{"rendered":"<p>Sorry, this entry is only available in Espa\u00f1ol. For the sake of viewer convenience, the content is shown below in the alternative language. You may click the link to switch the active language.El s\u00e1bado 2 de agosto con el concierto de clausura en la Concatedral de Alicante , culmin\u00f3 exitosamente el\u00a0\u00a0III SUMMER BRASS ACADEMY ALICANTE [&hellip;]<\/p>\n","protected":false},"author":3,"featured_media":0,"comment_status":"open","ping_status":"closed","sticky":false,"template":"","format":"standard","meta":{"footnotes":""},"categories":[2],"tags":[],"class_list":["post-2903","post","type-post","status-publish","format-standard","hentry","category-general"],"_links":{"self":[{"href":"https:\/\/www.brassacademy.com\/en\/wp-json\/wp\/v2\/posts\/2903"}],"collection":[{"href":"https:\/\/www.brassacademy.com\/en\/wp-json\/wp\/v2\/posts"}],"about":[{"href":"https:\/\/www.brassacademy.com\/en\/wp-json\/wp\/v2\/types\/post"}],"author":[{"embeddable":true,"href":"https:\/\/www.brassacademy.com\/en\/wp-json\/wp\/v2\/users\/3"}],"replies":[{"embeddable":true,"href":"https:\/\/www.brassacademy.com\/en\/wp-json\/wp\/v2\/comments?post=2903"}],"version-history":[{"count":0,"href":"https:\/\/www.brassacademy.com\/en\/wp-json\/wp\/v2\/posts\/2903\/revisions"}],"wp:attachment":[{"href":"https:\/\/www.brassacademy.com\/en\/wp-json\/wp\/v2\/media?parent=2903"}],"wp:term":[{"taxonomy":"category","embeddable":true,"href":"https:\/\/www.brassacademy.com\/en\/wp-json\/wp\/v2\/categories?post=2903"},{"taxonomy":"post_tag","embeddable":true,"href":"https:\/\/www.brassacademy.com\/en\/wp-json\/wp\/v2\/tags?post=2903"}],"curies":[{"name":"wp","href":"https:\/\/api.w.org\/{rel}","templated":true}]}}