{"id":3437,"date":"2015-03-20T22:17:42","date_gmt":"2015-03-20T21:17:42","guid":{"rendered":"http:\/\/brassacademy.com\/?p=3437"},"modified":"2015-03-20T22:17:42","modified_gmt":"2015-03-20T21:17:42","slug":"alicia-sanchez-hernandez-alumna-de-trompa-de-la-brass-academy-alicante-gana-plaza-en-la-deutsche-radio-philharmonie-saarbrucken","status":"publish","type":"post","link":"https:\/\/www.brassacademy.com\/en\/alicia-sanchez-hernandez-alumna-de-trompa-de-la-brass-academy-alicante-gana-plaza-en-la-deutsche-radio-philharmonie-saarbrucken\/","title":{"rendered":"Alicia S\u00e1nchez Hern\u00e1ndez, alumna de trompa de la Brass Academy Alicante , gana plaza en la Deutsche Radio Philharmonie Saarbr\u00fccken ."},"content":{"rendered":"<p class=\"qtranxs-available-languages-message qtranxs-available-languages-message-en\">Sorry, this entry is only available in <a href=\"https:\/\/www.brassacademy.com\/es\/wp-json\/wp\/v2\/posts\/3437\" class=\"qtranxs-available-language-link qtranxs-available-language-link-es\" title=\"Espa\u00f1ol\">Espa\u00f1ol<\/a>. For the sake of viewer convenience, the content is shown below in the alternative language. You may click the link to switch the active language.<\/p><p><em><a href=\"http:\/\/brassacademy.com\/wp-content\/uploads\/2015\/03\/11001846_10206252223927798_8238425030697270547_n.jpg\"><img decoding=\"async\" class=\"alignleft size-thumbnail wp-image-3438\" src=\"http:\/\/brassacademy.com\/wp-content\/uploads\/2015\/03\/11001846_10206252223927798_8238425030697270547_n-150x150.jpg\" alt=\"11001846_10206252223927798_8238425030697270547_n\" width=\"150\" height=\"150\" \/><\/a><a class=\"profileLink\" href=\"https:\/\/www.facebook.com\/alicia.sanchezhernandez.7\" data-hovercard=\"\/ajax\/hovercard\/user.php?id=1483310866\">Alicia S\u00e1nchez Hern\u00e1ndez<\/a>, alumna de trompa de la Brass Academy Alicante ha ganado hoy una plaza en la <a href=\"http:\/\/www.drp-orchester.de\">Deutsche Radio Philharmonie Saarbr\u00fccken .<\/a><\/em><br \/>\n<em>Enhorabuena Alicia !<\/em><\/p>","protected":false},"excerpt":{"rendered":"<p>Sorry, this entry is only available in Espa\u00f1ol. For the sake of viewer convenience, the content is shown below in the alternative language. You may click the link to switch the active language.Alicia S\u00e1nchez Hern\u00e1ndez, alumna de trompa de la Brass Academy Alicante ha ganado hoy una plaza en la Deutsche Radio Philharmonie Saarbr\u00fccken . [&hellip;]<\/p>\n","protected":false},"author":3,"featured_media":0,"comment_status":"open","ping_status":"closed","sticky":false,"template":"","format":"standard","meta":{"footnotes":""},"categories":[2],"tags":[],"class_list":["post-3437","post","type-post","status-publish","format-standard","hentry","category-general"],"_links":{"self":[{"href":"https:\/\/www.brassacademy.com\/en\/wp-json\/wp\/v2\/posts\/3437"}],"collection":[{"href":"https:\/\/www.brassacademy.com\/en\/wp-json\/wp\/v2\/posts"}],"about":[{"href":"https:\/\/www.brassacademy.com\/en\/wp-json\/wp\/v2\/types\/post"}],"author":[{"embeddable":true,"href":"https:\/\/www.brassacademy.com\/en\/wp-json\/wp\/v2\/users\/3"}],"replies":[{"embeddable":true,"href":"https:\/\/www.brassacademy.com\/en\/wp-json\/wp\/v2\/comments?post=3437"}],"version-history":[{"count":0,"href":"https:\/\/www.brassacademy.com\/en\/wp-json\/wp\/v2\/posts\/3437\/revisions"}],"wp:attachment":[{"href":"https:\/\/www.brassacademy.com\/en\/wp-json\/wp\/v2\/media?parent=3437"}],"wp:term":[{"taxonomy":"category","embeddable":true,"href":"https:\/\/www.brassacademy.com\/en\/wp-json\/wp\/v2\/categories?post=3437"},{"taxonomy":"post_tag","embeddable":true,"href":"https:\/\/www.brassacademy.com\/en\/wp-json\/wp\/v2\/tags?post=3437"}],"curies":[{"name":"wp","href":"https:\/\/api.w.org\/{rel}","templated":true}]}}