{"id":3606,"date":"2015-07-26T09:22:51","date_gmt":"2015-07-26T07:22:51","guid":{"rendered":"http:\/\/brassacademy.com\/?p=3606"},"modified":"2015-07-26T09:22:51","modified_gmt":"2015-07-26T07:22:51","slug":"acaba-el-exitoso-iv-summer-brass-festival-alicante-2015","status":"publish","type":"post","link":"https:\/\/www.brassacademy.com\/en\/acaba-el-exitoso-iv-summer-brass-festival-alicante-2015\/","title":{"rendered":"Acaba el exitoso IV Summer Brass Festival Alicante 2015"},"content":{"rendered":"<p class=\"qtranxs-available-languages-message qtranxs-available-languages-message-en\">Sorry, this entry is only available in <a href=\"https:\/\/www.brassacademy.com\/es\/wp-json\/wp\/v2\/posts\/3606\" class=\"qtranxs-available-language-link qtranxs-available-language-link-es\" title=\"Espa\u00f1ol\">Espa\u00f1ol<\/a>. For the sake of viewer convenience, the content is shown below in the alternative language. You may click the link to switch the active language.<\/p><p><em><a href=\"http:\/\/brassacademy.com\/wp-content\/uploads\/2015\/07\/grupo-dia-final-iglesia.jpg\"><img decoding=\"async\" class=\"alignleft size-thumbnail wp-image-3607\" src=\"http:\/\/brassacademy.com\/wp-content\/uploads\/2015\/07\/grupo-dia-final-iglesia-150x150.jpg\" alt=\"grupo dia final iglesia\" width=\"150\" height=\"150\" \/><\/a><a href=\"http:\/\/www.alicantebrassfestival.com\"><br \/>\nwww.alicantebrassfestival.com<\/a><\/em><\/p>\n<p><em>Acaba de concluir exitosamente cuarta edici\u00f3n del \u201c <strong>International Summer Brass Festival Alicante 2015<\/strong> , con una gran afluencia de entusiastas estudiantes, profesorado y p\u00fablico.<br \/>\n<\/em><em>El mismo fue organizado por la <strong>Brass Academy Alicante<\/strong> con la valiosa colaboraci\u00f3n del <strong>Ayuntamiento de Alicante<\/strong> que pone a disposici\u00f3n una excelente infraestructura en el centro hist\u00f3rico de la ciudad de Alicante para el curso y la emblem\u00e1tica Plaza del Ayuntamiento y la Plaza Sant\u00edsima Faz para los conciertos diarios y nocturnos del Brass Festival.<br \/>\n<\/em><em>Este a\u00f1o hemos logrado ir mejorado la infraestructura y agrandar la oferta de actividades y conciertos.<br \/>\n<\/em><em>En esta cuarta edici\u00f3n hemos contado con muchos m\u00e1s estudiantes del extranjero : China , Singapur, Jap\u00f3n , Austria, Francia , Holanda , Alemania, Argentina , M\u00e9xico , Uruguay , Argentina , Venezuela , Chile y USA.<br \/>\n<\/em><em>Por supuesto hemos tenido\u00a0tambi\u00e9n\u00a0alumnos de casi todas las regiones de Espa\u00f1a.<br \/>\n<\/em><em>Esta participaci\u00f3n tan variada a nuestra convocatoria anual nos llena de orgullo.<\/em><\/p>\n<p><em>El <a href=\"www.alicantebrassfestival.com\"><strong>International Summer Brass Festival Alicante<\/strong><\/a> es una iniciativa que se repite a\u00f1o tr\u00e1s a\u00f1o , despu\u00e9s del importante \u00e9xito que tuvo este evento los pasados 2012 , 2013 y 2014.<br \/>\n<\/em><em>Este Festival naci\u00f3 con vocaci\u00f3n de continuidad y desarrollo en todos sus aspectos, como una <strong>oferta pedag\u00f3gico-cultural de excelencia<\/strong> para estudiantes y profesionales del sector del viento-metal que quieran perfeccionarse durante el mes estival de julio.<\/em><\/p>\n<p><em>De este curso<\/em><em> pueden participar \u201cestudiantes de m\u00fasica de todas las edades y niveles\u201d, provenientes de Espa\u00f1a y del extranjero.<br \/>\n<\/em><em>Esto es posible puesto que el profesorado que <\/em><em>imparte las clases tiene una larga trayectoria profesional en el \u00e1mbito orquestal, de<\/em> <em>m\u00fasica de c\u00e1mara y sol\u00edstico, pero al mismo tiempo cuentan con una larga y nutrida<\/em> <em>experiencia pedag\u00f3gica\u201d que permite ser de gran ayuda a todos los niveles.<\/em><\/p>\n<p><em>Adem\u00e1s durante el curso se incluyeron clases de yoga, una pr<\/em><em>\u00e1ctica muy <\/em><em>beneficiosa para los instrumentistas de metal , porque con ella se aprenden t\u00e9cnicas excelentes de respiraci\u00f3n y relajaci\u00f3n , al tiempo que flexibiliza el cuerpo, aspectos de gran beneficio para todo m\u00fasico.<\/em><\/p>\n<p><a href=\"http:\/\/brassacademy.com\/wp-content\/uploads\/2015\/07\/summer-grupo-2015.jpg\"><img decoding=\"async\" class=\"alignleft size-thumbnail wp-image-3610\" src=\"http:\/\/brassacademy.com\/wp-content\/uploads\/2015\/07\/summer-grupo-2015-150x150.jpg\" alt=\"summer grupo 2015\" width=\"150\" height=\"150\" \/><\/a><\/p>\n<p><strong><em>En la edici\u00f3n 2015 contamos con :<br \/>\n<\/em><\/strong><em>90 estudiantes de : trompeta , trompa , tromb\u00f3n , bombardino y tuba.<br \/>\n<\/em><em>10 estudiantes de pedagog\u00eda musical ( curso te\u00f3rico para docentes).<br \/>\n<\/em><em>11 profesores<br \/>\n<\/em><em>2 Monitores<br \/>\n<\/em><em>1 profesor de Yoga<br \/>\n<\/em><em>1 encargado profesional de fotograf\u00eda y videos<\/em><\/p>\n<p><em>La <strong>Brass Academy Alicante<\/strong> es una Academia internacional , especializada en instrumentos de viento metal que quiere transmitir sus ense\u00f1anzas a un p\u00fablico a\u00fan m\u00e1s extenso en la \u00e9poca de verano , \u00e9ste es el objetivo, entre otros, del evento International Summer Brass Festival Alicante.<br \/>\n<\/em><em>Otro objetivo es dar a conocer durante esos d\u00edas de Festival la m\u00fasica de calidad para instrumentos de viento-metal a un numero<img decoding=\"async\" class=\"alignleft size-thumbnail wp-image-3612\" src=\"http:\/\/brassacademy.com\/wp-content\/uploads\/2015\/07\/IMG_0163-150x150.jpg\" alt=\"IMG_0163\" width=\"150\" height=\"150\" \/>so p\u00fablico en un emblem\u00e1tico marco hist\u00f3rico.<\/em><\/p>\n<p><strong><em>CURSO INTERNACIONAL<br \/>\n<\/em><\/strong><em>Durante \u00e9ste curso internacional los alumnos pueden perfeccionar su t\u00e9cnica, trabajar m\u00fasica de c\u00e1mara , tomar clases individuales y en grupo , escuchar conciertos , al tiempo que disfrutar\u00e1n de los encantos que ofrece la capital alicantina, sede de este curso.<br \/>\n<\/em><em>Todo esto guiados por experimentados m\u00fasicos y docentes , de reconocida trayectoria, todas plasmadas en la p\u00e1gina web del curso y festival.<br \/>\n<\/em><em><br \/>\n<\/em><\/p>\n<p><em><strong>PROFESORES DEL SUMMER BRASS FESTIVAL ALICANTE 2015<\/strong><\/em><\/p>\n<p><strong><em><a href=\"http:\/\/brassacademy.com\/wp-content\/uploads\/2015\/07\/IMG_0027.jpg\"><img decoding=\"async\" class=\"alignleft size-thumbnail wp-image-3620\" src=\"http:\/\/brassacademy.com\/wp-content\/uploads\/2015\/07\/IMG_0027-150x150.jpg\" alt=\"IMG_0027\" width=\"150\" height=\"150\" \/><\/a>* TROMPETA<br \/>\n<\/em><\/strong><strong><em>Rudi Korp ( Austria, trompeta)<\/em><\/strong><em> , director del curso y profesor de Trompeta en la Brass Academy Alicante y miembro del quinteto Vienna Brass , ex solista de la Orquesta Tonk\u00fcsntler de Viena.<br \/>\n<\/em><strong><em>Xiaolin Lu ( China \u2013 trompeta )<\/em><\/strong><em> : solista de trompeta de la China Philharmonic Orchestra y miembro del <\/em><em>\u201cWisemann Brass Ensemble \u201d<br \/>\n<\/em><em><strong>Alfonso Cant\u00f3 Ram\u00f3<img decoding=\"async\" class=\"alignleft size-thumbnail wp-image-3619\" src=\"http:\/\/brassacademy.com\/wp-content\/uploads\/2015\/07\/11753263_1022402104460310_5256867319139475118_n-150x150.jpg\" alt=\"11753263_1022402104460310_5256867319139475118_n\" width=\"150\" height=\"150\" \/>n<\/strong> <\/em><em>: <\/em><em>Trompetista en la O<strong>rquesta Filarm\u00f3nica de Helsinki (HKO)<br \/>\n<\/strong>Ex estudiante de la Brass Academy Alicante .<\/em><\/p>\n<p><strong><em>\u00a0<\/em><\/strong><strong><em>* TROMPA<br \/>\n<\/em><\/strong><strong><em>Nury Guarnaschelli<\/em><\/strong><em> <strong>( Argentina\/Austria \u2013 trompa )<\/strong> : profesora de trompa de la Brass Academy Alicante, solista internacional, miembro del Vienna Brass y ex solista de trompa de la Orquesta de Radio y Televisi\u00f3n de Viena.<br \/>\n<\/em><strong><em>Xiaoming Han<\/em><\/strong><em> <strong>( China\/ Alemania \u2013 trompa<\/strong> ) : Solista de trompa de la <\/em><em>German Radio Philharmonic\u00a0Orchestra y solista internacional.<br \/>\n<\/em><strong><em>Man Yi : <\/em><\/strong><em>Profesor titular de la c\u00e1tedra de trompa en el Conservatorio Central de M\u00fasica de Beijing. Solista internacional.<br \/>\n<\/em><em><strong>Gabriel Garc\u00eda <\/strong>: Trompista en la Orquesta de la Regi\u00f3n de Murcia , miembro de Murcia Brass.<\/em><\/p>\n<p><strong><em>* TROMB\u00d3N<br \/>\n<\/em><\/strong><strong><em>David Rejano :<\/em><\/strong><em> Tromb\u00f3n Solista de la Orquesta Filarm\u00f3nica de Munich.<br \/>\n<\/em><strong><em>Daniel Perpi\u00f1an:\u00a0\u00a0 <\/em><\/strong><em>P<\/em><em>rofesor de tromb\u00f3n en la Escuela Superior de M\u00fasica de Catalu\u00f1a (ESMUC) , profesor de tromb\u00f3n en el Conservatorio Superior de M\u00fasica de Arag\u00f3n<\/em><\/p>\n<p><strong><em>* BOMBARDINO<br \/>\n<\/em><\/strong><strong><em>Josep Burguera ( Espa\u00f1a \u2013 bombardino) : <\/em><\/strong><em>Solista de bombardino en la Banda municipal de Palma, profesor en el conservatorio de Palma de Mallorca, primer premio del famoso concurso <\/em><em>Jeju International Brass Competition.<\/em><\/p>\n<p><strong><em>* TUBA<br \/>\n<\/em><\/strong><strong><em>Patricio Cosentino : <\/em><\/strong><em>Solista internacional , tuba solista de la Orquesta Nacional de Buenos Aires, miembro de Pampa Brass y Crespo Ensemble.<\/em><\/p>\n<p><strong><em><a href=\"http:\/\/brassacademy.com\/wp-content\/uploads\/2015\/07\/IMG_0109.jpg\"><img decoding=\"async\" class=\"alignleft size-thumbnail wp-image-3613\" src=\"http:\/\/brassacademy.com\/wp-content\/uploads\/2015\/07\/IMG_0109-150x150.jpg\" alt=\"IMG_0109\" width=\"150\" height=\"150\" \/><\/a>\u00a0<\/em><\/strong><strong><em>* YOGA<br \/>\n<\/em><\/strong><strong><em>Antonia Ros<\/em><\/strong><em> : profesora de Hata Yoga en <\/em><em>Ylenkia, Centro de terapia y representante de la reconocida escuela Sivananda en Espa\u00f1a.<\/em><\/p>\n<p><em>\u00a0<\/em><strong><em>DESARROLLO<br \/>\n<\/em><\/strong><em>Durante los 7 d\u00edas que dur\u00f3 el curso<\/em><em> los alumnos tuvieron por las\u00a0<\/em><em>ma\u00f1anas clases individuales de t\u00e9cnica, Warm-ups , repertorio orquestal y sol\u00edstico , as\u00ed como de respiraci\u00f3n aplicada , conversaciones sobre preparaci\u00f3n a concursos y pruebas y sobre t\u00e9cnicas para superar el miedo esc\u00e9nico.<br \/>\n<\/em><em>Por la tarde los alumnos juntos a sus profesores tuvieron clases de m\u00fasica <\/em><em>de c\u00e1mara , un tema a veces olvidado en sus centros de ense\u00f1anza pero fundamental para su desarrollo profesional .<br \/>\n<\/em><em>En estas clases\u00a0s<\/em><em>e prepar\u00f3 con ellos las obras que luego tocaron el d\u00eda 18 de julio , junto a sus profesores, en el concierto final ,<\/em><em>a las 12.00 horas ,en la Concatedral de San Nicol\u00e1s de Alicante.<\/em><\/p>\n<p><strong><em><a href=\"http:\/\/brassacademy.com\/wp-content\/uploads\/2015\/07\/IMG_4336.jpg\"><img decoding=\"async\" class=\"alignleft size-thumbnail wp-image-3614\" src=\"http:\/\/brassacademy.com\/wp-content\/uploads\/2015\/07\/IMG_4336-150x150.jpg\" alt=\"IMG_4336\" width=\"150\" height=\"150\" \/><\/a>* CONCIERTOS<br \/>\n<\/em><\/strong><em>Durante la semana del IV Summer Brass Festival Alicante los participantes al curso tuvieron la oportunidad de escuchar 6 conciertos gratuitos , en el \u00faltimo de ellos tambi\u00e9n pudieron participar activamente junto a sus profesores y compa\u00f1eros.<br \/>\n<\/em><em><strong><br \/>\n12 de julio , 21 horas<br \/>\n<\/strong><\/em><em><strong>Plaza del Ayuntamiento de Alicante, concierto al aire libre , con entrada gratuita<br \/>\n<\/strong><\/em><em>Concierto inaugural a cargo del <strong>ENSEMBLE BRASS ACADEMY ALICANTE,<\/strong> bajo la direcci\u00f3n de Rudi Korp .<\/em><\/p>\n<p><strong><em>13 de julio , 12 horas<br \/>\n<\/em><\/strong><strong><em>Plaza de la Sant\u00edsima Faz<br \/>\n<\/em><\/strong><em>Ensemble de trompetas Brass Academy Alicante<\/em><\/p>\n<p><strong><em>13 de julio , 21 horas<br \/>\n<\/em><\/strong><strong><em>Plaza del Ayuntamiento de Alicante, concierto al aire libre , con entrada gratuita<br \/>\n<\/em><\/strong><em>Concierto de Jazz del grupo<strong> MOGGIO ( Espa\u00f1a)<\/strong><\/em><\/p>\n<p><strong><em><a href=\"http:\/\/brassacademy.com\/wp-content\/uploads\/2015\/07\/11403162_1022622157762357_6151116169078010960_n.jpg\"><img decoding=\"async\" class=\"alignleft size-thumbnail wp-image-3615\" src=\"http:\/\/brassacademy.com\/wp-content\/uploads\/2015\/07\/11403162_1022622157762357_6151116169078010960_n-150x150.jpg\" alt=\"11403162_1022622157762357_6151116169078010960_n\" width=\"150\" height=\"150\" \/><\/a>\u00a0<\/em><\/strong><strong><em>14 de julio , 12 horas<br \/>\n<\/em><\/strong><em>Plaza de la Sant\u00edsima Faz<br \/>\n<\/em><em><strong>Ensemble Nacional de trompeta de M\u00e9xico.<\/strong><\/em><\/p>\n<p><strong><em>14 de julio, 21 horas<br \/>\n<\/em><\/strong><strong><em>Plaza del Ayuntamiento de Alicante, concierto al aire libre , con entrada gratuita<br \/>\n<\/em><\/strong><em>Concierto de<strong> M\u00e1laga Brass Quintet ( Espa\u00f1a)<\/strong><\/em><\/p>\n<p><strong><em>15 de julio , 12 horas<br \/>\n<\/em><\/strong><em>Plaza de la Sant\u00edsima Faz<br \/>\n<\/em><em><strong>Ensemble Nacional de trompeta de M\u00e9xico.<\/strong><\/em><\/p>\n<p><strong><em>15 de julio, 21 horas<br \/>\n<\/em><\/strong><strong><em>Plaza del Ayuntamiento de Alicante, concierto al aire libre , con entrada gratuita<br \/>\n<\/em><\/strong><em>Concierto<\/em><strong><em> de NoPhilBrass , Quinteto de metales del Bayerischer Rundfunk ( Alemania)<\/em><\/strong><\/p>\n<p><strong><em>16 de julio , 12 horas<br \/>\n<\/em><\/strong><em>Plaza de la Sant\u00edsima Faz<br \/>\n<\/em><em><strong>Ensemble Nacional de trompeta de M\u00e9xico.<\/strong><\/em><\/p>\n<p><strong><em>16 de julio, 21 horas<br \/>\n<\/em><\/strong><strong><em>Plaza del Ayuntamiento de Alicante, concierto al aire libre , con entrada gratuita<br \/>\n<\/em><\/strong><em>Concierto de<strong> Brass Academy Horns &amp; Co.<\/strong><\/em><\/p>\n<p><strong><em>18 de julio, 12 horas<br \/>\n<\/em><\/strong><strong><em>Concatedral de Alicante , concierto con entrada gratuita<br \/>\n<\/em><\/strong><em>Concierto de clausura con profesores y estudiantes.<\/em><\/p>\n<p><strong><em><a href=\"http:\/\/brassacademy.com\/wp-content\/uploads\/2015\/07\/IMG_0099.jpg\"><img decoding=\"async\" class=\"alignleft size-thumbnail wp-image-3616\" src=\"http:\/\/brassacademy.com\/wp-content\/uploads\/2015\/07\/IMG_0099-150x150.jpg\" alt=\"IMG_0099\" width=\"150\" height=\"150\" \/><\/a>EXPOSICIONES , CONFERENCIAS y SERVICIO DE REPARACI\u00d3N INSTRUMENTOS.<br \/>\n<\/em><\/strong><em>Este a\u00f1o contamos con exposiciones de instrumentos de las siguientes reconocidas f\u00e1bricas:<br \/>\n<\/em><em><br \/>\nDOWIDS : trompetas\u00a0\u00a0\u00a0\u00a0\u00a0\u00a0\u00a0\u00a0\u00a0\u00a0\u00a0\u00a0\u00a0\u00a0\u00a0\u00a0\u00a0\u00a0\u00a0\u00a0 \u00a0\u00a0\u00a0\u00a0\u00a0\u00a0\u00a0 *\u00a0\u00a0 Alemania<br \/>\n<\/em><em>Zirnbauer : Trompetas\u00a0\u00a0\u00a0\u00a0\u00a0\u00a0\u00a0\u00a0\u00a0\u00a0\u00a0\u00a0\u00a0\u00a0\u00a0\u00a0\u00a0\u00a0 \u00a0\u00a0\u00a0\u00a0\u00a0\u00a0\u00a0\u00a0\u00a0*\u00a0\u00a0 Alemania<br \/>\n<\/em><em>MACK : Boquillas y accesorios\u00a0\u00a0\u00a0\u00a0 \u00a0\u00a0\u00a0\u00a0\u00a0\u00a0\u00a0\u00a0\u00a0*\u00a0\u00a0 Alemania<br \/>\n<\/em><em>SCHMID : trompas \u00a0 \u00a0 \u00a0 \u00a0 \u00a0 \u00a0 \u00a0 \u00a0 \u00a0 \u00a0 \u00a0 \u00a0 \u00a0 \u00a0 \u00a0 \u00a0*\u00a0\u00a0 Alemania<br \/>\n<\/em><em>WALLACE Brass : sordinas\u00a0\u00a0\u00a0\u00a0\u00a0\u00a0\u00a0\u00a0\u00a0\u00a0\u00a0\u00a0\u00a0\u00a0\u00a0\u00a0\u00a0\u00a0\u00a0\u00a0 * Escocia<br \/>\n<\/em><em>RGC : Sordinas\u00a0\u00a0\u00a0\u00a0\u00a0\u00a0\u00a0\u00a0\u00a0\u00a0\u00a0\u00a0\u00a0\u00a0\u00a0\u00a0\u00a0\u00a0\u00a0\u00a0\u00a0\u00a0\u00a0\u00a0\u00a0\u00a0\u00a0\u00a0\u00a0\u00a0\u00a0\u00a0\u00a0\u00a0\u00a0\u00a0\u00a0\u00a0 * Espa\u00f1a<br \/>\n<\/em><em>RIMSKY HORNS : diversas marcas\u00a0\u00a0\u00a0\u00a0\u00a0\u00a0\u00a0\u00a0 * Holanda<br \/>\n<\/em><em>Brass Academy Shop\u00a0\u00a0\u00a0\u00a0\u00a0\u00a0\u00a0\u00a0\u00a0\u00a0\u00a0\u00a0\u00a0\u00a0\u00a0\u00a0\u00a0\u00a0\u00a0\u00a0\u00a0\u00a0\u00a0\u00a0\u00a0\u00a0\u00a0\u00a0 * Espa\u00f1a\u00a0<\/em><\/p>\n<p><strong><em>\u221a\u00a0 Servicio de reparaci\u00f3n de instrumentos a cargo de Eric Borninkhof ( Holanda)<br \/>\n<\/em><\/strong><strong><em>\u221a\u00a0 Conferencia sobre construcci\u00f3n de trompas y mantenimiento a cargo de<br \/>\n<\/em><\/strong><strong><em>\u00a0 \u00a0 Engelbert Schmid ( Alemania)<br \/>\n<a href=\"http:\/\/brassacademy.com\/wp-content\/uploads\/2015\/07\/11748695_10207426240997491_710335793_n.jpg\"><img decoding=\"async\" class=\"alignleft size-thumbnail wp-image-3617\" src=\"http:\/\/brassacademy.com\/wp-content\/uploads\/2015\/07\/11748695_10207426240997491_710335793_n-150x150.jpg\" alt=\"11748695_10207426240997491_710335793_n\" width=\"150\" height=\"150\" \/><\/a><br \/>\n<\/em><\/strong><\/p>\n<p><strong><em>CONCLUSI\u00d3N<br \/>\n<\/em><\/strong><em>El <strong>International Summer Brass Academy<\/strong> puede presumir tambi\u00e9n del buen ambiente en el cual se desarrolla, as\u00ed como el escenario en el que tiene lugar, puesto que se celebra en el centro hist\u00f3rico de Alicante y a unos pasos de las playas.<br \/>\n<\/em><em>De esta forma, los alumnos pueden disfrutar durante el curso del centro hist\u00f3rico de la capital alic<\/em><em>antina que ofrece unas playas especiales y una gastronom\u00eda de excepci\u00f3n que les deleita diariamente.<\/em><\/p>\n<p><em>Las clases se impartieron en el nuevo Colegio San <\/em><em>Roque, unas nuevas e id\u00f3neas instalaciones para el curso, con vistas al mar , espacio que cedi\u00f3 una vez m\u00e1s desinteresadamente <\/em><em>el Ayuntamiento de Alicante.<\/em><\/p>\n<p><em><strong>COLABORADORES<\/strong><\/em><br \/>\n<em>Esta edici\u00f3n contamos con el valioso apoyo de <strong>AIE<\/strong> <strong>( Asociaci\u00f3n de<\/strong> <strong>interpretes espa\u00f1oles<\/strong> ) y con la colaboraci\u00f3n de las empresas : Alexander Mainz (Alemania), Consolat de Mar ( Espa\u00f1a) , RGC Mutes ( Espa\u00f1a) , JK ( Alemania) , Schmid H\u00f6rner ( Alemania ) , La Milagrosa B&amp;B ( Espa\u00f1a) y el Brass Academy Shop ( Espa\u00f1a).<\/em><\/p>\n<p><strong><em>M\u00c1S INFORMACI\u00d3N<\/em><\/strong><\/p>\n<p><em>Web <\/em>: <em><a href=\"http:\/\/brassacademy.com\">www.brassacademy.com<br \/>\n<\/a><\/em><em><a href=\"https:\/\/www.facebook.com\/pages\/BRASS-ACADEMY-ALICANTE\/225194107509665?ref=br_rs\">Facebook<br \/>\n<\/a><\/em><em>e-mail : <\/em><a href=\"mailto:office@brassacademy.com\"><em>office@brassacademy.com<\/em><\/a><\/p>\n<p><em>\u00a0\u00a0<a href=\"http:\/\/brassacademy.com\/wp-content\/uploads\/2015\/07\/11751935_1022622227762350_7430406212843688957_n.jpg\"><img decoding=\"async\" class=\"alignleft size-thumbnail wp-image-3618\" src=\"http:\/\/brassacademy.com\/wp-content\/uploads\/2015\/07\/11751935_1022622227762350_7430406212843688957_n-150x150.jpg\" alt=\"11751935_1022622227762350_7430406212843688957_n\" width=\"150\" height=\"150\" \/><\/a><\/em><\/p>","protected":false},"excerpt":{"rendered":"<p>Sorry, this entry is only available in Espa\u00f1ol. For the sake of viewer convenience, the content is shown below in the alternative language. You may click the link to switch the active language. www.alicantebrassfestival.com Acaba de concluir exitosamente cuarta edici\u00f3n del \u201c International Summer Brass Festival Alicante 2015 , con una gran afluencia de entusiastas [&hellip;]<\/p>\n","protected":false},"author":3,"featured_media":0,"comment_status":"open","ping_status":"closed","sticky":false,"template":"","format":"standard","meta":{"footnotes":""},"categories":[2],"tags":[],"class_list":["post-3606","post","type-post","status-publish","format-standard","hentry","category-general"],"_links":{"self":[{"href":"https:\/\/www.brassacademy.com\/en\/wp-json\/wp\/v2\/posts\/3606"}],"collection":[{"href":"https:\/\/www.brassacademy.com\/en\/wp-json\/wp\/v2\/posts"}],"about":[{"href":"https:\/\/www.brassacademy.com\/en\/wp-json\/wp\/v2\/types\/post"}],"author":[{"embeddable":true,"href":"https:\/\/www.brassacademy.com\/en\/wp-json\/wp\/v2\/users\/3"}],"replies":[{"embeddable":true,"href":"https:\/\/www.brassacademy.com\/en\/wp-json\/wp\/v2\/comments?post=3606"}],"version-history":[{"count":0,"href":"https:\/\/www.brassacademy.com\/en\/wp-json\/wp\/v2\/posts\/3606\/revisions"}],"wp:attachment":[{"href":"https:\/\/www.brassacademy.com\/en\/wp-json\/wp\/v2\/media?parent=3606"}],"wp:term":[{"taxonomy":"category","embeddable":true,"href":"https:\/\/www.brassacademy.com\/en\/wp-json\/wp\/v2\/categories?post=3606"},{"taxonomy":"post_tag","embeddable":true,"href":"https:\/\/www.brassacademy.com\/en\/wp-json\/wp\/v2\/tags?post=3606"}],"curies":[{"name":"wp","href":"https:\/\/api.w.org\/{rel}","templated":true}]}}