{"id":365,"date":"2009-09-13T16:26:02","date_gmt":"2009-09-13T14:26:02","guid":{"rendered":"http:\/\/brassacademy.com\/?p=365"},"modified":"2009-09-13T16:26:02","modified_gmt":"2009-09-13T14:26:02","slug":"inicio-de-las-clases-en-la-brass-academy-2009-2010","status":"publish","type":"post","link":"https:\/\/www.brassacademy.com\/en\/inicio-de-las-clases-en-la-brass-academy-2009-2010\/","title":{"rendered":"Inicio de las clases en la Brass Academy 2009-2010"},"content":{"rendered":"<p>El dia 25 de septiembre comienzan las actividades en la Brass Academy Alicante !<\/p>\n<p>Nos alegramos ya de presentar el segundo a\u00f1o de actividades de esta nueva academia.<\/p>\n<p><!--more--><\/p>\n<p>Este a\u00f1o se ha incrementado el plantel de profesores fijos contando ( ademas de lo ya habitual trompeta , trompa y trombon ) tambien con tuba y musica de camara.<\/p>\n<p>En el curso 2009-2010 ,ademas de las clases habituales , la Brass Academy organiza 7 masterclass especiales :<\/p>\n<ul>\n<li>24 y 25 de octubre de 2009 : Masterclass para trompa natural con Javier Bonet (Trompista Orquesta Nacional de Espa\u00f1a)<\/li>\n<li>13 , 14 y 15 de noviembre :   Masterclass con Rub\u00e9n Marques (Trompeta solista de la Orquesta del Palau de les Arts)<\/li>\n<li>4 al 6 de diciembre de 2009 : Masterclass de trompa con Ignacio Garc\u00eda ( Trompa solista de la Stattskapelle Berlin )<\/li>\n<li>5,6 y 7 de febrero de 2010 :  Masterclass con Stefan Schulz (Tromb\u00f3n bajo de la Filarmonica de Berl\u00edn)<\/li>\n<li>9,10 y 11 de abril de 2010 :   Masterclass con Gabor Tark\u00f6vi (Trompeta solista de la Filarm\u00f3nica de Berl\u00edn)<\/li>\n<li>9,10 y 11 de abril de 2010 :  Masterclass con Walter Voglmayr (Tromb\u00f3n solista de la Sinf\u00f3nica de Viena)<\/li>\n<li>7,8 y 9 de mayo de 2010 :     Masterclass con Klaus Wallendorf (Trompa de la Filarm\u00f3nica de Berl\u00edn y de German Brass)<\/li>\n<\/ul>\n<p>Pod\u00e9is ver toda la informaci\u00f3n en el <a href=\"http:\/\/brassacademy.com\/?page_id=14\">apartado de Masterclases &gt;&gt;&gt;<\/a><\/p>\n","protected":false},"excerpt":{"rendered":"<p>El dia 25 de septiembre comienzan las actividades en la Brass Academy Alicante ! Nos alegramos ya de presentar el segundo a\u00f1o de actividades de esta nueva academia.<\/p>\n","protected":false},"author":3,"featured_media":0,"comment_status":"open","ping_status":"closed","sticky":false,"template":"","format":"standard","meta":{"footnotes":""},"categories":[2],"tags":[],"class_list":["post-365","post","type-post","status-publish","format-standard","hentry","category-general"],"_links":{"self":[{"href":"https:\/\/www.brassacademy.com\/en\/wp-json\/wp\/v2\/posts\/365"}],"collection":[{"href":"https:\/\/www.brassacademy.com\/en\/wp-json\/wp\/v2\/posts"}],"about":[{"href":"https:\/\/www.brassacademy.com\/en\/wp-json\/wp\/v2\/types\/post"}],"author":[{"embeddable":true,"href":"https:\/\/www.brassacademy.com\/en\/wp-json\/wp\/v2\/users\/3"}],"replies":[{"embeddable":true,"href":"https:\/\/www.brassacademy.com\/en\/wp-json\/wp\/v2\/comments?post=365"}],"version-history":[{"count":0,"href":"https:\/\/www.brassacademy.com\/en\/wp-json\/wp\/v2\/posts\/365\/revisions"}],"wp:attachment":[{"href":"https:\/\/www.brassacademy.com\/en\/wp-json\/wp\/v2\/media?parent=365"}],"wp:term":[{"taxonomy":"category","embeddable":true,"href":"https:\/\/www.brassacademy.com\/en\/wp-json\/wp\/v2\/categories?post=365"},{"taxonomy":"post_tag","embeddable":true,"href":"https:\/\/www.brassacademy.com\/en\/wp-json\/wp\/v2\/tags?post=365"}],"curies":[{"name":"wp","href":"https:\/\/api.w.org\/{rel}","templated":true}]}}