{"id":4212,"date":"2016-06-29T01:08:03","date_gmt":"2016-06-28T23:08:03","guid":{"rendered":"http:\/\/brassacademy.com\/?p=4212"},"modified":"2016-06-29T01:08:03","modified_gmt":"2016-06-28T23:08:03","slug":"10-al-16-de-julio-v-summer-brass-festival-alicante-2016","status":"publish","type":"post","link":"https:\/\/www.brassacademy.com\/en\/10-al-16-de-julio-v-summer-brass-festival-alicante-2016\/","title":{"rendered":"10 al 16 de julio : V Summer Brass Festival Alicante 2016 !"},"content":{"rendered":"<p class=\"qtranxs-available-languages-message qtranxs-available-languages-message-en\">Sorry, this entry is only available in <a href=\"https:\/\/www.brassacademy.com\/es\/wp-json\/wp\/v2\/posts\/4212\" class=\"qtranxs-available-language-link qtranxs-available-language-link-es\" title=\"Espa\u00f1ol\">Espa\u00f1ol<\/a>. For the sake of viewer convenience, the content is shown below in the alternative language. You may click the link to switch the active language.<\/p><p><em><a href=\"http:\/\/www.alicantebrassfestival.com\/www.alicantebrassfestival.com%20\">www.alicantebrassfestival.com<\/a><\/em><\/p>\n<p><em>En el \u00a0<strong>a\u00f1o 2012<\/strong>\u00a0, contando con la amable colaboraci\u00f3n del <strong>Ayuntamiento de Alicante<\/strong> que nos cedi\u00f3 una de sus fant\u00e1sticas instalaciones en el emblem\u00e1tico centro hist\u00f3rico de Alicante, decidimos iniciar un\u00a0<strong>ciclo internacional de cursos de verano\u00a0y Festival<\/strong>\u00a0<strong>de conciertos<\/strong>, al cual damos continuidad todos los julios desde entonces , buscando en los mismos reunir a estudiantes y amantes de los instrumentos de metal\u00a0,\u00a0que durante una semana, en un ambiente de camarader\u00eda puedan gozar de la m\u00fasica , perfeccionar su t\u00e9cnica , prepararse para concursos y al mismo tiempo disfrutar del fant\u00e1stico entorno de Alicante, su centro hist\u00f3rico , sus exquisitas playas y su excelente gastronom\u00eda con un clima de excepci\u00f3n.<\/em><\/p>\n<p><em>Este\u00a0a\u00f1o 2016 os ofreceremos nuestra <strong>quinta\u00a0edici\u00f3n<\/strong> del \u201d Summer Brass Festival Alicante\u201d.<\/em><\/p>\n<p><em>Os esperamos !<br \/>\n<\/em><\/p>\n<p><em>Rudi Korp<br \/>\n<\/em><em>Director Art\u00edstico<br \/>\n<\/em><em><strong>International Summer Brass Festival\u00a0Alicante<\/strong><\/em><\/p>","protected":false},"excerpt":{"rendered":"<p>Sorry, this entry is only available in Espa\u00f1ol. For the sake of viewer convenience, the content is shown below in the alternative language. You may click the link to switch the active language.www.alicantebrassfestival.com En el \u00a0a\u00f1o 2012\u00a0, contando con la amable colaboraci\u00f3n del Ayuntamiento de Alicante que nos cedi\u00f3 una de sus fant\u00e1sticas instalaciones en [&hellip;]<\/p>\n","protected":false},"author":3,"featured_media":0,"comment_status":"open","ping_status":"closed","sticky":false,"template":"","format":"standard","meta":{"footnotes":""},"categories":[2],"tags":[],"class_list":["post-4212","post","type-post","status-publish","format-standard","hentry","category-general"],"_links":{"self":[{"href":"https:\/\/www.brassacademy.com\/en\/wp-json\/wp\/v2\/posts\/4212"}],"collection":[{"href":"https:\/\/www.brassacademy.com\/en\/wp-json\/wp\/v2\/posts"}],"about":[{"href":"https:\/\/www.brassacademy.com\/en\/wp-json\/wp\/v2\/types\/post"}],"author":[{"embeddable":true,"href":"https:\/\/www.brassacademy.com\/en\/wp-json\/wp\/v2\/users\/3"}],"replies":[{"embeddable":true,"href":"https:\/\/www.brassacademy.com\/en\/wp-json\/wp\/v2\/comments?post=4212"}],"version-history":[{"count":0,"href":"https:\/\/www.brassacademy.com\/en\/wp-json\/wp\/v2\/posts\/4212\/revisions"}],"wp:attachment":[{"href":"https:\/\/www.brassacademy.com\/en\/wp-json\/wp\/v2\/media?parent=4212"}],"wp:term":[{"taxonomy":"category","embeddable":true,"href":"https:\/\/www.brassacademy.com\/en\/wp-json\/wp\/v2\/categories?post=4212"},{"taxonomy":"post_tag","embeddable":true,"href":"https:\/\/www.brassacademy.com\/en\/wp-json\/wp\/v2\/tags?post=4212"}],"curies":[{"name":"wp","href":"https:\/\/api.w.org\/{rel}","templated":true}]}}