{"id":4499,"date":"2017-01-26T20:38:59","date_gmt":"2017-01-26T19:38:59","guid":{"rendered":"http:\/\/brassacademy.com\/?p=4499"},"modified":"2017-01-26T20:38:59","modified_gmt":"2017-01-26T19:38:59","slug":"vi-summer-brass-festival-alicante-2017-2","status":"publish","type":"post","link":"https:\/\/www.brassacademy.com\/en\/vi-summer-brass-festival-alicante-2017-2\/","title":{"rendered":"VI Summer Brass Festival Alicante 2017"},"content":{"rendered":"<p class=\"qtranxs-available-languages-message qtranxs-available-languages-message-en\">Sorry, this entry is only available in <a href=\"https:\/\/www.brassacademy.com\/es\/wp-json\/wp\/v2\/posts\/4499\" class=\"qtranxs-available-language-link qtranxs-available-language-link-es\" title=\"Espa\u00f1ol\">Espa\u00f1ol<\/a>. For the sake of viewer convenience, the content is shown below in the alternative language. You may click the link to switch the active language.<\/p><p><em><a href=\"http:\/\/brassacademy.com\/wp-content\/uploads\/2017\/01\/A3-CURSO-METAL-2017-1.jpg\"><img decoding=\"async\" class=\"alignleft size-thumbnail wp-image-4500\" src=\"http:\/\/brassacademy.com\/wp-content\/uploads\/2017\/01\/A3-CURSO-METAL-2017-1-150x150.jpg\" alt=\"A3 CURSO METAL 2017-1\" width=\"150\" height=\"150\" \/><\/a>Del <strong>3 al 9 de julio 2017<\/strong> nos encontramos otra vez en la ciudad de Alicante para disfrutar juntos del<br \/>\n<strong>VI Sumner Brass festival Alicante 2017 !!!\u00a0<\/strong><\/em><br \/>\n<em>Esperamos verte aqu\u00ed con muchas ganas de aprender , hacer musica y escuchar fant\u00e1sticos conciertos por las noches en la emblem\u00e1tica Plazas del Ayuntamiento !\u00a0<\/em><br \/>\n<em>Y por supuesto&#8230; disfrutar de las increibles playas y la especial gastronom\u00eda\u00a0<span class=\"_47e3 _5mfr\" title=\"Emoji wink\"><img decoding=\"async\" class=\"img\" src=\"https:\/\/www.facebook.com\/images\/emoji.php\/v7\/f57\/1\/16\/1f609.png\" alt=\"\" width=\"16\" height=\"16\" \/><\/span><\/em><br \/>\n<em><strong>Informacion e inscripcion<\/strong> :\u00a0<a href=\"http:\/\/l.facebook.com\/l.php?u=http%3A%2F%2Fwww.alicantebrassfestival.com%2F&amp;h=ATPkOy8Gjux8Q4G6ZAtmTdTw4OkbMVAPXRSXrJqnoNxG4QUaZCIO5ELn5MzpgQC_yo7uIx8xLH4Tj5Cmi5hiBg7gqDQcfLg3yRu6wpGxImYFP7fTAVNl9wiqBYQ1HRCvYKUcOMU_7XdToqu1PD8&amp;enc=AZP_aCEK5BgFOogEBRIz9G8yt_R6-_ks6XeWrr950L8NeRSPORkqSyHFdZKISF9-wjYGnOT8wQqGgIWiOj2-aq6iE2Hd95MzIllyEUB-jASH6C0hRCyZjFhjXWsorWIEKbJriPGdZbofqBa92VrYtiuaKNN1zaGQXh_bOgS7K1y0vsUEb84C7lUDUrAjKOv7n1k&amp;s=1\" target=\"_blank\" rel=\"nofollow\">www.alicantebrassfestival.com<\/a>\u00a0 \u00a0<a href=\"http:\/\/brassacademy.com\/wp-content\/uploads\/2017\/01\/Tuba-teachers-2017-.jpeg\"><img decoding=\"async\" class=\"alignleft size-thumbnail wp-image-4508\" src=\"http:\/\/brassacademy.com\/wp-content\/uploads\/2017\/01\/Tuba-teachers-2017--150x150.jpeg\" alt=\"Tuba teachers 2017\" width=\"150\" height=\"150\" \/><\/a><a href=\"http:\/\/brassacademy.com\/wp-content\/uploads\/2017\/01\/trombones-teachers.jpeg\"><img decoding=\"async\" class=\"alignleft size-thumbnail wp-image-4505\" src=\"http:\/\/brassacademy.com\/wp-content\/uploads\/2017\/01\/trombones-teachers-150x150.jpeg\" alt=\"trombones teachers\" width=\"150\" height=\"150\" \/><\/a><a href=\"http:\/\/brassacademy.com\/wp-content\/uploads\/2017\/01\/Horn-teachers-Banner-2017.jpeg\"><img decoding=\"async\" class=\"alignleft size-thumbnail wp-image-4502\" src=\"http:\/\/brassacademy.com\/wp-content\/uploads\/2017\/01\/Horn-teachers-Banner-2017-150x150.jpeg\" alt=\"Horn teachers Banner 2017\" width=\"150\" height=\"150\" \/><\/a><\/em><\/p>\n<p><a href=\"http:\/\/brassacademy.com\/wp-content\/uploads\/2017\/01\/Profes-trompeta-2017-Banner-.jpg\"><img decoding=\"async\" class=\"alignleft size-thumbnail wp-image-4501\" src=\"http:\/\/brassacademy.com\/wp-content\/uploads\/2017\/01\/Profes-trompeta-2017-Banner--150x150.jpg\" alt=\"Profes trompeta 2017 Banner\" width=\"150\" height=\"150\" \/><\/a><\/p>","protected":false},"excerpt":{"rendered":"<p>Sorry, this entry is only available in Espa\u00f1ol. For the sake of viewer convenience, the content is shown below in the alternative language. You may click the link to switch the active language.Del 3 al 9 de julio 2017 nos encontramos otra vez en la ciudad de Alicante para disfrutar juntos del VI Sumner Brass [&hellip;]<\/p>\n","protected":false},"author":3,"featured_media":0,"comment_status":"open","ping_status":"closed","sticky":false,"template":"","format":"standard","meta":{"footnotes":""},"categories":[2],"tags":[],"class_list":["post-4499","post","type-post","status-publish","format-standard","hentry","category-general"],"_links":{"self":[{"href":"https:\/\/www.brassacademy.com\/en\/wp-json\/wp\/v2\/posts\/4499"}],"collection":[{"href":"https:\/\/www.brassacademy.com\/en\/wp-json\/wp\/v2\/posts"}],"about":[{"href":"https:\/\/www.brassacademy.com\/en\/wp-json\/wp\/v2\/types\/post"}],"author":[{"embeddable":true,"href":"https:\/\/www.brassacademy.com\/en\/wp-json\/wp\/v2\/users\/3"}],"replies":[{"embeddable":true,"href":"https:\/\/www.brassacademy.com\/en\/wp-json\/wp\/v2\/comments?post=4499"}],"version-history":[{"count":0,"href":"https:\/\/www.brassacademy.com\/en\/wp-json\/wp\/v2\/posts\/4499\/revisions"}],"wp:attachment":[{"href":"https:\/\/www.brassacademy.com\/en\/wp-json\/wp\/v2\/media?parent=4499"}],"wp:term":[{"taxonomy":"category","embeddable":true,"href":"https:\/\/www.brassacademy.com\/en\/wp-json\/wp\/v2\/categories?post=4499"},{"taxonomy":"post_tag","embeddable":true,"href":"https:\/\/www.brassacademy.com\/en\/wp-json\/wp\/v2\/tags?post=4499"}],"curies":[{"name":"wp","href":"https:\/\/api.w.org\/{rel}","templated":true}]}}