{"id":4637,"date":"2017-03-06T11:59:27","date_gmt":"2017-03-06T10:59:27","guid":{"rendered":"http:\/\/brassacademy.com\/?p=4637"},"modified":"2017-03-06T11:59:27","modified_gmt":"2017-03-06T10:59:27","slug":"nueva-sede-en-valencia","status":"publish","type":"post","link":"https:\/\/www.brassacademy.com\/en\/nueva-sede-en-valencia\/","title":{"rendered":"Nueva sede en Valencia"},"content":{"rendered":"<p class=\"qtranxs-available-languages-message qtranxs-available-languages-message-en\">Sorry, this entry is only available in <a href=\"https:\/\/www.brassacademy.com\/es\/wp-json\/wp\/v2\/posts\/4637\" class=\"qtranxs-available-language-link qtranxs-available-language-link-es\" title=\"Espa\u00f1ol\">Espa\u00f1ol<\/a>. For the sake of viewer convenience, the content is shown below in the alternative language. You may click the link to switch the active language.<\/p><p><\/p>\n<div class=\"imagenes\"><img decoding=\"async\" class=\"alignleft size-thumbnail wp-image-4589\" src=\"http:\/\/brassacademy.com\/wp-content\/uploads\/2017\/02\/Cartel-Brass-Academy-Alicante-Valencia-150x150.jpg\" alt=\"Cartel Brass Academy Alicante - Valencia\" width=\"150\" height=\"150\" \/><br \/>\n<img decoding=\"async\" class=\"alignleft size-thumbnail wp-image-4003\" src=\"http:\/\/brassacademy.com\/wp-content\/uploads\/2016\/01\/brass5inscripciones-150x150.jpg\" alt=\"brass5inscripciones\" width=\"150\" height=\"150\" \/><\/div>\n<div class=\"texto\">\n<p><em>A partir del\u00a0<strong>curso 2017 -2018<\/strong>\u00a0la BRASS ACADEMY ALICANTE ,\u00a0contar\u00e1 con una\u00a0filial en\u00a0Valencia , en\u00a0<strong>Quart de Poblet, en la S.A.M. La Uni\u00f3 de Quart de Poblet<\/p>\n<p><a href=\"http:\/\/brassacademy.com\/?page_id=4567\">* M\u00e1s informaci\u00f3n e inscripci\u00f3n\u00a0<\/a><\/strong><\/em><\/p>\n<\/div>\n<p><\/p>","protected":false},"excerpt":{"rendered":"<p>Sorry, this entry is only available in Espa\u00f1ol. For the sake of viewer convenience, the content is shown below in the alternative language. You may click the link to switch the active language. A partir del\u00a0curso 2017 -2018\u00a0la BRASS ACADEMY ALICANTE ,\u00a0contar\u00e1 con una\u00a0filial en\u00a0Valencia , en\u00a0Quart de Poblet, en la S.A.M. La Uni\u00f3 de [&hellip;]<\/p>\n","protected":false},"author":3,"featured_media":0,"comment_status":"open","ping_status":"closed","sticky":false,"template":"","format":"standard","meta":{"footnotes":""},"categories":[2],"tags":[],"class_list":["post-4637","post","type-post","status-publish","format-standard","hentry","category-general"],"_links":{"self":[{"href":"https:\/\/www.brassacademy.com\/en\/wp-json\/wp\/v2\/posts\/4637"}],"collection":[{"href":"https:\/\/www.brassacademy.com\/en\/wp-json\/wp\/v2\/posts"}],"about":[{"href":"https:\/\/www.brassacademy.com\/en\/wp-json\/wp\/v2\/types\/post"}],"author":[{"embeddable":true,"href":"https:\/\/www.brassacademy.com\/en\/wp-json\/wp\/v2\/users\/3"}],"replies":[{"embeddable":true,"href":"https:\/\/www.brassacademy.com\/en\/wp-json\/wp\/v2\/comments?post=4637"}],"version-history":[{"count":0,"href":"https:\/\/www.brassacademy.com\/en\/wp-json\/wp\/v2\/posts\/4637\/revisions"}],"wp:attachment":[{"href":"https:\/\/www.brassacademy.com\/en\/wp-json\/wp\/v2\/media?parent=4637"}],"wp:term":[{"taxonomy":"category","embeddable":true,"href":"https:\/\/www.brassacademy.com\/en\/wp-json\/wp\/v2\/categories?post=4637"},{"taxonomy":"post_tag","embeddable":true,"href":"https:\/\/www.brassacademy.com\/en\/wp-json\/wp\/v2\/tags?post=4637"}],"curies":[{"name":"wp","href":"https:\/\/api.w.org\/{rel}","templated":true}]}}