{"id":6155,"date":"2018-01-08T17:00:10","date_gmt":"2018-01-08T15:00:10","guid":{"rendered":"https:\/\/www.brassacademy.com\/?p=6155"},"modified":"2018-01-08T17:02:20","modified_gmt":"2018-01-08T15:02:20","slug":"english-masterclass-trompa-con-bernardo-silva","status":"publish","type":"post","link":"https:\/\/www.brassacademy.com\/en\/english-masterclass-trompa-con-bernardo-silva\/","title":{"rendered":"26th &#038; 27th January 2018 Masterclass Horn Bernardo Silva"},"content":{"rendered":"<p><img decoding=\"async\" class=\"alignnone size-medium wp-image-6156\" src=\"https:\/\/www.brassacademy.com\/wp-content\/uploads\/2018\/01\/Foto-Bernardo-Silva--300x300.jpg\" alt=\"\" width=\"300\" height=\"300\" srcset=\"https:\/\/www.brassacademy.com\/wp-content\/uploads\/2018\/01\/Foto-Bernardo-Silva--20x20.jpg 20w, https:\/\/www.brassacademy.com\/wp-content\/uploads\/2018\/01\/Foto-Bernardo-Silva--66x66.jpg 66w, https:\/\/www.brassacademy.com\/wp-content\/uploads\/2018\/01\/Foto-Bernardo-Silva--150x150.jpg 150w, https:\/\/www.brassacademy.com\/wp-content\/uploads\/2018\/01\/Foto-Bernardo-Silva--200x200.jpg 200w, https:\/\/www.brassacademy.com\/wp-content\/uploads\/2018\/01\/Foto-Bernardo-Silva--300x300.jpg 300w, https:\/\/www.brassacademy.com\/wp-content\/uploads\/2018\/01\/Foto-Bernardo-Silva--400x400.jpg 400w, https:\/\/www.brassacademy.com\/wp-content\/uploads\/2018\/01\/Foto-Bernardo-Silva-.jpg 500w\" sizes=\"(max-width: 300px) 100vw, 300px\" \/>\u00a0 \u00a0 \u00a0 \u00a0<img decoding=\"async\" class=\"alignnone size-medium wp-image-6157\" src=\"https:\/\/www.brassacademy.com\/wp-content\/uploads\/2018\/01\/Bernardo-Silva-Poster-214x300.jpg\" alt=\"\" width=\"214\" height=\"300\" srcset=\"https:\/\/www.brassacademy.com\/wp-content\/uploads\/2018\/01\/Bernardo-Silva-Poster-14x20.jpg 14w, https:\/\/www.brassacademy.com\/wp-content\/uploads\/2018\/01\/Bernardo-Silva-Poster-200x280.jpg 200w, https:\/\/www.brassacademy.com\/wp-content\/uploads\/2018\/01\/Bernardo-Silva-Poster-214x300.jpg 214w, https:\/\/www.brassacademy.com\/wp-content\/uploads\/2018\/01\/Bernardo-Silva-Poster-400x560.jpg 400w, https:\/\/www.brassacademy.com\/wp-content\/uploads\/2018\/01\/Bernardo-Silva-Poster.jpg 480w\" sizes=\"(max-width: 214px) 100vw, 214px\" \/><\/p>\n<p>Los dias 26 y 27 de enero contaremos con la presencia de <strong>Bernardo Silva<\/strong> , Miembro de <strong>Trompas Lusas<\/strong> y \u00a0de la\u00a0\u00a0la <strong>Orquesta Nacional de Oporto<\/strong> desde 2000, actual Orquesta Sinf\u00f3nica de Porto Casa de la M\u00fasica.<\/p>\n<p>Natural de Oporto, creci\u00f3 en la Trofa.<\/p>\n<div class=\"col-md-6\">\n<p>Comenz\u00f3 sus estudios en trompa en el Artave.\u00a0Licenciado en trompa por la Escuela Superior de M\u00fasica de Lisboa en la clase de Jonathan Luxton.\u00a0Tambi\u00e9n estudi\u00f3 en Hochschule f\u00fcr Musik en Hamburgo con Ab Koster y en Madrid con Radovan Vlatkovic y Javier Bonet.\u00a0Con Ab Koster inici\u00f3 el estudio de la trompa natural.\u00a0Se le asign\u00f3 una beca de m\u00e9rito por el Instituto Polit\u00e9cnico de Lisboa y fue becario de la Fundaci\u00f3n Calouste de Gulbenkian.<\/p>\n<p>Es miembro de la Orquesta Nacional de Oporto desde 2000, actual Orquesta Sinf\u00f3nica de Porto Casa de la M\u00fasica.\u00a0Como m\u00fasico invitado se present\u00f3 con todas las principales orquestas portuguesas y a\u00fan con la Orquesta Sinf\u00f3nica de Galicia y Orquesta de C\u00e1mara Reina Sof\u00eda, Espa\u00f1a.<\/p>\n<p>Y en el caso de que se trate de una de las m\u00e1s importantes de la historia de la humanidad, se ha convertido en una de las m\u00e1s antiguas del mundo.<\/p>\n<p>Es miembro fundador de las agrupaciones Camerata Senza Misura, Tu B\u2019Horn, Ars Invicta y Trompas Lusas.<\/p>\n<p>En los \u00faltimos a\u00f1os se ha convertido en una de las m\u00e1s antiguas del mundo.\u00a0Orient\u00f3 masterclasses en las principales ciudades y escuelas del pa\u00eds.<\/p>\n<\/div>\n<div class=\"col-md-6\">\n<p>Es regularmente invitado al jurado de los principales concursos nacionales, como el Premio J\u00f3venes M\u00fasicos y el Concurso Nacional de Instrumentos de Soplo \u00abTierras de La-Salette\u00bb.<\/p>\n<p>Fue premiado con el primer premio en el Concurso Internacional Philip Farkas organizado por la Sociedad Internacional de Trompistas en Lahti, Finlandia, en 2002.<\/p>\n<p>Se present\u00f3 a solas con varias orquestas en Portugal y Espa\u00f1a, interpretando obras de referencia del repertorio solista (Weber, R.Schumann, WAMozart, Britten, Cherubini \u2026).<\/p>\n<p>En el caso de la Orquesta Sinf\u00f3nica de Porto Casa de la M\u00fasica, con la Camerata Senza Misura, ya la solista, ya tiene una vasta discograf\u00eda, contando con grabaciones como miembro de la Orquesta Sinf\u00f3nica de Porto Casa de la M\u00fasica.\u00a0Destacado para su primer CD en solitario \u2018Canciones Lunares\u2019, la primera grabaci\u00f3n mundial de la obra \u2018Jeanne d\u2019Arc\u2019 del compositor Alex Poelman para la editorial holandesa Molenaar.\u00a0Su \u00faltimo CD est\u00e1 dedicado a obras de trompeta en solitario.<\/p>\n<p>Ha mantenido una estrecha relaci\u00f3n con varios compositores en el sentido de extender el repertorio original al instrumento, habiendo estrenado numerosas obras.\u00a0Los compositores S\u00e9rgio Azevedo, Telmo Marques, Lu\u00eds Carvalho y Liduino Pitombeira le dedicaron obras.<\/p>\n<p>J. Bernardo Silva toca en trompas D\u00fcrk Horns y boquillas exclusivas Romera Brass.<\/p>\n<\/div>\n<p><\/p>","protected":false},"excerpt":{"rendered":"<p>\u00a0 \u00a0 \u00a0 \u00a0 Los dias 26 y 27 de enero contaremos con la presencia de Bernardo Silva , Miembro de Trompas Lusas y \u00a0de la\u00a0\u00a0la Orquesta Nacional de Oporto desde 2000, actual Orquesta Sinf\u00f3nica de Porto Casa de la M\u00fasica. Natural de Oporto, creci\u00f3 en la Trofa. Comenz\u00f3 sus estudios en trompa en el [&hellip;]<\/p>\n","protected":false},"author":3,"featured_media":0,"comment_status":"open","ping_status":"closed","sticky":false,"template":"","format":"standard","meta":{"footnotes":""},"categories":[1],"tags":[],"class_list":["post-6155","post","type-post","status-publish","format-standard","hentry","category-uncategorized"],"_links":{"self":[{"href":"https:\/\/www.brassacademy.com\/en\/wp-json\/wp\/v2\/posts\/6155"}],"collection":[{"href":"https:\/\/www.brassacademy.com\/en\/wp-json\/wp\/v2\/posts"}],"about":[{"href":"https:\/\/www.brassacademy.com\/en\/wp-json\/wp\/v2\/types\/post"}],"author":[{"embeddable":true,"href":"https:\/\/www.brassacademy.com\/en\/wp-json\/wp\/v2\/users\/3"}],"replies":[{"embeddable":true,"href":"https:\/\/www.brassacademy.com\/en\/wp-json\/wp\/v2\/comments?post=6155"}],"version-history":[{"count":0,"href":"https:\/\/www.brassacademy.com\/en\/wp-json\/wp\/v2\/posts\/6155\/revisions"}],"wp:attachment":[{"href":"https:\/\/www.brassacademy.com\/en\/wp-json\/wp\/v2\/media?parent=6155"}],"wp:term":[{"taxonomy":"category","embeddable":true,"href":"https:\/\/www.brassacademy.com\/en\/wp-json\/wp\/v2\/categories?post=6155"},{"taxonomy":"post_tag","embeddable":true,"href":"https:\/\/www.brassacademy.com\/en\/wp-json\/wp\/v2\/tags?post=6155"}],"curies":[{"name":"wp","href":"https:\/\/api.w.org\/{rel}","templated":true}]}}