{"id":746,"date":"2010-05-20T11:15:43","date_gmt":"2010-05-20T09:15:43","guid":{"rendered":"http:\/\/brassacademy.com\/?p=746"},"modified":"2010-05-20T11:15:43","modified_gmt":"2010-05-20T09:15:43","slug":"la-brass-academy-alicante-presenta-su-nuevo-programa-de-masterclasses-para-el-curso-2010-2011","status":"publish","type":"post","link":"https:\/\/www.brassacademy.com\/en\/la-brass-academy-alicante-presenta-su-nuevo-programa-de-masterclasses-para-el-curso-2010-2011\/","title":{"rendered":"La Brass Academy Alicante presenta su nuevo programa de Masterclasses para el curso 2010-2011"},"content":{"rendered":"<p>En el pr\u00f3ximo a\u00f1o lectivo la Brass Academy Alicanteha invitado a\u00a0destacados \u00a0maestros internacionales como Uwe K\u00f6ller , Sarah Willis , Ian Bousfiled , Alessio Allegrini y Ra\u00fal Garc\u00eda a ofrecer\u00a0masterclasses \u00a0en el marco de las actividades extraordinarias de la Brass Academy Alicante .<\/p>\n<p>Los mencionados m\u00fasicos son reconocidos profesionales , miembros de\u00a0importantes \u00a0orquestas como la Filarmonica de Berlin , Filarmonica de Viena , OBC Barcelona , Orchestra nazionale Santa Cecilia\u00a0y del \u00a0grupo German Brass.<\/p>\n<p>Una innovacion para este a\u00f1o son los cursos para Repertorio orquestal I y II , en donde se trabajar\u00e1n en grupos de metales significativas obras del repertorio orquestal.<\/p>\n<p>Y otra novedad es la oferta de un curso-training para quinteto de metales y cuartetos ( o sextetos) de trompas a cargo de miembros del Vienna Brass.<\/p>\n<p><span style=\"color: #000099;\"><big><span style=\"font-family: Arial;\"><big><a href=\"http:\/\/brassacademy.com\/?page_id=14\">www.brassacademy.com\/?page_id=14<\/a><a title=\"Program de masterclass 2010-2011\" href=\"www.brassacademy.com\/\"><\/a><\/big><\/span><\/big><\/span><\/p>\n","protected":false},"excerpt":{"rendered":"<p>En el pr\u00f3ximo a\u00f1o lectivo la Brass Academy Alicanteha invitado a\u00a0destacados \u00a0maestros internacionales como Uwe K\u00f6ller , Sarah Willis , Ian Bousfiled , Alessio Allegrini y Ra\u00fal Garc\u00eda a ofrecer\u00a0masterclasses \u00a0en el marco de las actividades extraordinarias de la Brass Academy Alicante . Los mencionados m\u00fasicos son reconocidos profesionales , miembros de\u00a0importantes \u00a0orquestas como la [&hellip;]<\/p>\n","protected":false},"author":3,"featured_media":0,"comment_status":"open","ping_status":"closed","sticky":false,"template":"","format":"standard","meta":{"footnotes":""},"categories":[2],"tags":[],"class_list":["post-746","post","type-post","status-publish","format-standard","hentry","category-general"],"_links":{"self":[{"href":"https:\/\/www.brassacademy.com\/en\/wp-json\/wp\/v2\/posts\/746"}],"collection":[{"href":"https:\/\/www.brassacademy.com\/en\/wp-json\/wp\/v2\/posts"}],"about":[{"href":"https:\/\/www.brassacademy.com\/en\/wp-json\/wp\/v2\/types\/post"}],"author":[{"embeddable":true,"href":"https:\/\/www.brassacademy.com\/en\/wp-json\/wp\/v2\/users\/3"}],"replies":[{"embeddable":true,"href":"https:\/\/www.brassacademy.com\/en\/wp-json\/wp\/v2\/comments?post=746"}],"version-history":[{"count":0,"href":"https:\/\/www.brassacademy.com\/en\/wp-json\/wp\/v2\/posts\/746\/revisions"}],"wp:attachment":[{"href":"https:\/\/www.brassacademy.com\/en\/wp-json\/wp\/v2\/media?parent=746"}],"wp:term":[{"taxonomy":"category","embeddable":true,"href":"https:\/\/www.brassacademy.com\/en\/wp-json\/wp\/v2\/categories?post=746"},{"taxonomy":"post_tag","embeddable":true,"href":"https:\/\/www.brassacademy.com\/en\/wp-json\/wp\/v2\/tags?post=746"}],"curies":[{"name":"wp","href":"https:\/\/api.w.org\/{rel}","templated":true}]}}