{"id":997,"date":"2011-05-23T22:31:26","date_gmt":"2011-05-23T20:31:26","guid":{"rendered":"http:\/\/brassacademy.com\/?p=997"},"modified":"2011-05-23T22:31:26","modified_gmt":"2011-05-23T20:31:26","slug":"resultados-de-las-pruebas-de-acceso-a-la-brass-academy-alicante-este-fin-de-semana","status":"publish","type":"post","link":"https:\/\/www.brassacademy.com\/en\/resultados-de-las-pruebas-de-acceso-a-la-brass-academy-alicante-este-fin-de-semana\/","title":{"rendered":"Resultados de las pruebas de acceso a la Brass Academy Alicante este fin de semana"},"content":{"rendered":"<p><strong>\u00a0<\/strong><\/p>\n<p><strong>NUEVOS BECARIOS\u00a0<br \/>\npara el curso 2011- 2012 <a rel=\"attachment wp-att-1002\" href=\"http:\/\/brassacademy.com\/?attachment_id=1002\"><img decoding=\"async\" class=\"alignright size-medium wp-image-1002\" title=\"IMG_1806\" src=\"http:\/\/brassacademy.com\/wp-content\/uploads\/2011\/05\/IMG_1806-300x216.jpg\" alt=\"\" width=\"300\" height=\"216\" \/><\/a><\/strong><\/p>\n<p><strong>TROMPAS:\u00a0 15\u00a0 BECARIOS <\/strong><\/p>\n<p>\u00a0Alberto Garc\u00eda Izquierdo<br \/>\n\u00a0David S\u00e1nchez Camus<br \/>\n\u00a0Lourdes Panadero Mu\u00f1oz<br \/>\n\u00a0Jorge Medina Urbano<br \/>\n\u00a0Pedro Meseguer Maga\u00f1a<br \/>\n\u00a0Higinio Antonio Mart\u00ednez Molina<br \/>\n\u00a0Alma Mar\u00eda Garc\u00eda Gil<br \/>\n\u00a0Carlos Fernando Rubio Rodr\u00edguez<br \/>\n\u00a0Lucas Javier Vidal Mart\u00ednez<br \/>\n\u00a0Joaqu\u00edn Delgado Fern\u00e1ndez<br \/>\n\u00a0Elvira S\u00e1nchez Baeza<br \/>\n\u00a0Zara Arg\u00fcello Arciniegas<br \/>\n\u00a0Silvia Jim\u00e9nez G\u00f3mez<br \/>\n\u00a0Diego Carrillo Soler<br \/>\n\u00a0Pablo Cadenas San Jos\u00e9<br \/>\n<strong>1 Brass Academy \u201cKID\u201d :<\/strong> Antonio Zamora Meseguer<br \/>\n<strong>\u00a0<\/strong><\/p>\n<p><strong>TROMPETAS \u00a0: 15 Becarios\u00a0<\/strong><\/p>\n<p>Alfonso Cant\u00f3 Ram\u00f3n<br \/>\nJosep Mar\u00eda Olcina Andr\u00e9s<br \/>\nSamuel Garc\u00eda Navarro<br \/>\nDavid Alcaraz Ot\u00f3n<br \/>\nJos\u00e9 Manuel Escobar Belmonte<br \/>\nFrancisco Mench\u00f3n Mart\u00ednez<br \/>\nEliecer Caro G\u00f3mez<br \/>\nDiana Caballero Llano<br \/>\nRoberto Morcillo Daud\u00e9n<br \/>\nJos\u00e9 Esteban Rubio<br \/>\nPedro Miguel N\u00fa\u00f1ez D\u00edaz<br \/>\nV\u00edctor Mart\u00ednez Ochoa<br \/>\nVicent Mart\u00ed Escamilla<br \/>\nFrancisco Garc\u00eda Gonz\u00e1lez<br \/>\nJos\u00e9 Manuel Madera M\u00e1rquez<br \/>\n<strong>1 Brass Academy \u201cKID\u201d \u00a0: <\/strong>P\u00e9rez Cerezuela Fernando<\/p>\n<p><strong>\u00a0<\/strong><\/p>\n<p><strong>TROMBONES : \u00a012 becarios <\/strong><strong>\u00a0<\/strong><\/p>\n<p>Alberto Le\u00f3n Prats<br \/>\nAsensio Argiler Grau<br \/>\nManuel Castrej\u00f3n Navarro<br \/>\nDiego Garc\u00eda Noguera<br \/>\nJos\u00e9 Manuel Franco G\u00f3mez<br \/>\nJavier Pardos Navarro<br \/>\nDavid Andreu de la Torre<br \/>\nVicente Cascales Mogica<br \/>\nSergi Mi\u00f1ana Mi\u00f1ana<br \/>\nCarlos G\u00f3mez Parres<br \/>\nJos\u00e9 Miguel Luna Agudo<br \/>\n<strong>1 Brass Academy \u201cKID\u201d \u00a0\u00a0: <\/strong>Joaquin Andreu Vicente\u00a0<\/p>\n<p><strong>BOMBARDINOS : 8 \u00a0becarios\u00a0<\/strong><\/p>\n<p>Alejandro Rocamora Cuadrado<br \/>\nJorge Estruch Arlandis<br \/>\nCarlos Esteve Domenech<br \/>\nAdrian Albaladejo D\u00edaz<br \/>\nRoberto L\u00f3pez Mart\u00ednez<br \/>\nMiguel Victorio Molina<br \/>\nJul\u00edan Oliver L\u00f3pez<br \/>\nFrancisco R\u00edos L\u00f3pez<\/p>\n<p>\u00a0<strong>TUBAS : 2 becarios\u00a0<\/strong><\/p>\n<p>Alvaro Gonzalez Campillo<br \/>\nJos\u00e9 Pascual Garc\u00eda Llopis<\/p>\n","protected":false},"excerpt":{"rendered":"<p>\u00a0 NUEVOS BECARIOS\u00a0 para el curso 2011- 2012 TROMPAS:\u00a0 15\u00a0 BECARIOS \u00a0Alberto Garc\u00eda Izquierdo \u00a0David S\u00e1nchez Camus \u00a0Lourdes Panadero Mu\u00f1oz \u00a0Jorge Medina Urbano \u00a0Pedro Meseguer Maga\u00f1a \u00a0Higinio Antonio Mart\u00ednez Molina \u00a0Alma Mar\u00eda Garc\u00eda Gil \u00a0Carlos Fernando Rubio Rodr\u00edguez \u00a0Lucas Javier Vidal Mart\u00ednez \u00a0Joaqu\u00edn Delgado Fern\u00e1ndez \u00a0Elvira S\u00e1nchez Baeza \u00a0Zara Arg\u00fcello Arciniegas \u00a0Silvia Jim\u00e9nez G\u00f3mez \u00a0Diego [&hellip;]<\/p>\n","protected":false},"author":3,"featured_media":0,"comment_status":"open","ping_status":"closed","sticky":false,"template":"","format":"standard","meta":{"footnotes":""},"categories":[2],"tags":[],"class_list":["post-997","post","type-post","status-publish","format-standard","hentry","category-general"],"_links":{"self":[{"href":"https:\/\/www.brassacademy.com\/en\/wp-json\/wp\/v2\/posts\/997"}],"collection":[{"href":"https:\/\/www.brassacademy.com\/en\/wp-json\/wp\/v2\/posts"}],"about":[{"href":"https:\/\/www.brassacademy.com\/en\/wp-json\/wp\/v2\/types\/post"}],"author":[{"embeddable":true,"href":"https:\/\/www.brassacademy.com\/en\/wp-json\/wp\/v2\/users\/3"}],"replies":[{"embeddable":true,"href":"https:\/\/www.brassacademy.com\/en\/wp-json\/wp\/v2\/comments?post=997"}],"version-history":[{"count":0,"href":"https:\/\/www.brassacademy.com\/en\/wp-json\/wp\/v2\/posts\/997\/revisions"}],"wp:attachment":[{"href":"https:\/\/www.brassacademy.com\/en\/wp-json\/wp\/v2\/media?parent=997"}],"wp:term":[{"taxonomy":"category","embeddable":true,"href":"https:\/\/www.brassacademy.com\/en\/wp-json\/wp\/v2\/categories?post=997"},{"taxonomy":"post_tag","embeddable":true,"href":"https:\/\/www.brassacademy.com\/en\/wp-json\/wp\/v2\/tags?post=997"}],"curies":[{"name":"wp","href":"https:\/\/api.w.org\/{rel}","templated":true}]}}